{"id":322264,"date":"2026-04-06T16:25:58","date_gmt":"2026-04-06T19:25:58","guid":{"rendered":"https:\/\/www.lavras24horas.com.br\/portal\/?p=322264"},"modified":"2026-04-06T16:25:58","modified_gmt":"2026-04-06T19:25:58","slug":"lobo-guara-passeia-tranquilamente-por-condominio-em-ijaci-e-acende-alerta-ambiental-no-sul-de-minas","status":"publish","type":"post","link":"https:\/\/www.lavras24horas.com.br\/portal\/lobo-guara-passeia-tranquilamente-por-condominio-em-ijaci-e-acende-alerta-ambiental-no-sul-de-minas\/","title":{"rendered":"Lobo-guar\u00e1 passeia tranquilamente por condom\u00ednio em Ijaci e acende alerta ambiental no Sul de Minas"},"content":{"rendered":"\n<p>Na noite de s\u00e1bado (4 de abril), moradores do condom\u00ednio Porto das Pedras, em Ijaci (MG), tiveram uma surpresa rara: um lobo-guar\u00e1, s\u00edmbolo do Cerrado brasileiro, caminhava calmamente pelas ruas internas do condom\u00ednio.<\/p>\n\n\n\n<figure class=\"wp-block-video\"><video height=\"738\" style=\"aspect-ratio: 494 \/ 738;\" width=\"494\" controls src=\"https:\/\/www.lavras24horas.com.br\/portal\/wp-content\/uploads\/2026\/04\/video-1775503380-1.mp4\"><\/video><\/figure>\n\n\n\n<p>O animal foi registrado por um morador que chegava de carro. Nas imagens, o lobo-guar\u00e1 exibe sua postura elegante e serena, sem demonstrar qualquer sinal de agressividade.<\/p>\n\n\n\n<p>O que \u00e0 primeira vista parece um encontro bonito, na verdade revela um problema s\u00e9rio. Avistamentos como esse, antes raros, est\u00e3o se tornando cada vez mais comuns no Sul de Minas. N\u00e3o \u00e9 o animal que est\u00e1 \u201cinvadindo\u201d a cidade \u2014 \u00e9 o homem que avan\u00e7a sobre o habitat da fauna selvagem.<\/p>\n\n\n\n<p>A expans\u00e3o urbana acelerada, novos loteamentos e o desmatamento fragmentam os corredores ecol\u00f3gicos, obrigando lobos-guar\u00e1, tamandu\u00e1s e outras esp\u00e9cies a cruzar ruas, estradas e muros em busca de comida, \u00e1gua e parceiros.<\/p>\n\n\n\n<p>Embora inofensivo ao ser humano, o lobo-guar\u00e1 fica exposto a grandes perigos nas \u00e1reas urbanas: atropelamentos, ataques de c\u00e3es dom\u00e9sticos e ingest\u00e3o de lixo.<\/p>\n\n\n\n<p>Especialistas recomendam:<br \/>Mantenha dist\u00e2ncia, n\u00e3o ofere\u00e7a comida e evite movimentos bruscos. Se o animal estiver ferido ou em perigo, acione imediatamente a Pol\u00edcia Militar Ambiental ou o Corpo de Bombeiros.<\/p>\n\n\n\n<p>A natureza est\u00e1 batendo \u00e0 nossa porta. O recado \u00e9 claro: \u00e9 hora de repensar como estamos ocupando o espa\u00e7o.<\/p>\n","protected":false},"excerpt":{"rendered":"<p>Na noite de s\u00e1bado (4 de abril), moradores do condom\u00ednio Porto das Pedras, em Ijaci (MG), tiveram uma surpresa rara: um lobo-guar\u00e1, s\u00edmbolo do Cerrado brasileiro, caminhava calmamente pelas ruas internas do condom\u00ednio. O animal foi registrado por um morador que chegava de carro. Nas imagens, o lobo-guar\u00e1 exibe sua postura elegante e serena, sem [&hellip;]<\/p>\n","protected":false},"author":7,"featured_media":322262,"comment_status":"closed","ping_status":"closed","sticky":false,"template":"","format":"standard","meta":{"advanced_seo_description":"","jetpack_seo_html_title":"","jetpack_seo_noindex":false,"_jetpack_memberships_contains_paid_content":false,"footnotes":""},"categories":[79],"tags":[],"class_list":["post-322264","post","type-post","status-publish","format-standard","has-post-thumbnail","hentry","category-regiao"],"jetpack_featured_media_url":"https:\/\/i0.wp.com\/www.lavras24horas.com.br\/portal\/wp-content\/uploads\/2026\/04\/img_8202.jpg?fit=738%2C1000&ssl=1","jetpack_sharing_enabled":true,"jetpack_likes_enabled":true,"jetpack_shortlink":"https:\/\/wp.me\/p12djN-1lPO","_links":{"self":[{"href":"https:\/\/www.lavras24horas.com.br\/portal\/wp-json\/wp\/v2\/posts\/322264","targetHints":{"allow":["GET"]}}],"collection":[{"href":"https:\/\/www.lavras24horas.com.br\/portal\/wp-json\/wp\/v2\/posts"}],"about":[{"href":"https:\/\/www.lavras24horas.com.br\/portal\/wp-json\/wp\/v2\/types\/post"}],"author":[{"embeddable":true,"href":"https:\/\/www.lavras24horas.com.br\/portal\/wp-json\/wp\/v2\/users\/7"}],"replies":[{"embeddable":true,"href":"https:\/\/www.lavras24horas.com.br\/portal\/wp-json\/wp\/v2\/comments?post=322264"}],"version-history":[{"count":1,"href":"https:\/\/www.lavras24horas.com.br\/portal\/wp-json\/wp\/v2\/posts\/322264\/revisions"}],"predecessor-version":[{"id":322265,"href":"https:\/\/www.lavras24horas.com.br\/portal\/wp-json\/wp\/v2\/posts\/322264\/revisions\/322265"}],"wp:featuredmedia":[{"embeddable":true,"href":"https:\/\/www.lavras24horas.com.br\/portal\/wp-json\/wp\/v2\/media\/322262"}],"wp:attachment":[{"href":"https:\/\/www.lavras24horas.com.br\/portal\/wp-json\/wp\/v2\/media?parent=322264"}],"wp:term":[{"taxonomy":"category","embeddable":true,"href":"https:\/\/www.lavras24horas.com.br\/portal\/wp-json\/wp\/v2\/categories?post=322264"},{"taxonomy":"post_tag","embeddable":true,"href":"https:\/\/www.lavras24horas.com.br\/portal\/wp-json\/wp\/v2\/tags?post=322264"}],"curies":[{"name":"wp","href":"https:\/\/api.w.org\/{rel}","templated":true}]}}