{"id":322226,"date":"2026-04-05T12:20:18","date_gmt":"2026-04-05T15:20:18","guid":{"rendered":"https:\/\/www.lavras24horas.com.br\/portal\/?p=322226"},"modified":"2026-04-05T12:20:40","modified_gmt":"2026-04-05T15:20:40","slug":"stf-condena-empresario-a-14-anos-de-prisao-por-pix-de-r-500-o-dia-em-que-financiar-um-onibus-virou-golpe-de-estado","status":"publish","type":"post","link":"https:\/\/www.lavras24horas.com.br\/portal\/stf-condena-empresario-a-14-anos-de-prisao-por-pix-de-r-500-o-dia-em-que-financiar-um-onibus-virou-golpe-de-estado\/","title":{"rendered":"STF condena empres\u00e1rio a 14 anos de pris\u00e3o por Pix de R$ 500: o dia em que financiar um \u00f4nibus virou golpe de Estado"},"content":{"rendered":"\n<p>Enquanto criminosos violentos, traficantes e corruptos de colarinho branco transitam com penas brandas ou saem rapidamente das pris\u00f5es, o Supremo Tribunal Federal decidiu que um Pix de R$ 500 pode custar 14 anos de cadeia a um empres\u00e1rio brasileiro.<\/p>\n\n\n\n<p><br>O caso envolve o empres\u00e1rio catarinense Alcides Hahn, condenado pela Primeira Turma do STF a 14 anos de pris\u00e3o em regime inicialmente fechado. O crime? Ter transferido R$ 500 via Pix para ajudar no fretamento de um \u00f4nibus que levou manifestantes de Blumenau, em Santa Catarina, a Bras\u00edlia, dias antes dos atos de 8 de janeiro de 2023. Hahn nem sequer esteve presente nos eventos que resultaram em depreda\u00e7\u00f5es. Mesmo assim, foi enquadrado em crimes como aboli\u00e7\u00e3o violenta do Estado Democr\u00e1tico de Direito, golpe de Estado, dano qualificado, deteriora\u00e7\u00e3o de patrim\u00f4nio tombado e associa\u00e7\u00e3o criminosa.<\/p>\n\n\n\n<p><br>A mesma pena foi aplicada a outros dois empres\u00e1rios de Santa Catarina que contribu\u00edram com valores semelhantes. Independentemente do montante, o resultado foi id\u00eantico: mais de uma d\u00e9cada atr\u00e1s das grades por ajudar no transporte de cidad\u00e3os que exercitavam o direito de manifesta\u00e7\u00e3o.<\/p>\n\n\n\n<p><br>\u00c9 preciso perguntar com toda a seriedade: <strong>esse \u00e9 o padr\u00e3o de justi\u00e7a que o Brasil aceita?<\/strong><\/p>\n\n\n\n<p><br>De um lado, temos um sistema penitenci\u00e1rio que frequentemente transforma pris\u00e3o em mera passagem r\u00e1pida para reincidentes de alta periculosidade. Assassinos, estupradores e l\u00edderes de fac\u00e7\u00f5es saem por progress\u00e3o de regime, benef\u00edcios processuais ou alega\u00e7\u00e3o de superlota\u00e7\u00e3o. Corrup\u00e7\u00e3o em grande escala, desvio de bilh\u00f5es em obras p\u00fablicas e esc\u00e2ndalos bilion\u00e1rios geram, na pr\u00e1tica, penas que raramente s\u00e3o cumpridas por inteiro. O brasileiro comum v\u00ea, diariamente, a sensa\u00e7\u00e3o de impunidade para quem destr\u00f3i patrim\u00f4nio alheio ou amea\u00e7a a vida da popula\u00e7\u00e3o.<\/p>\n\n\n\n<p><br>Do outro lado, um empres\u00e1rio, aquele que gera empregos, paga impostos e movimenta a economia real, recebe o peso m\u00e1ximo da lei por um apoio financeiro indireto a uma caravana. N\u00e3o por depredar, n\u00e3o por invadir, n\u00e3o por agredir. Apenas por um Pix. A mensagem que o STF envia \u00e9 clara e preocupante: a toler\u00e2ncia com o caos real \u00e9 maior do que com o dissenso pol\u00edtico.<\/p>\n\n\n\n<p><br>Independentemente de partido, de direita ou de esquerda, de concordar ou n\u00e3o com os atos de 8 de janeiro, todo brasileiro deveria se sentir incomodado com essa desproporcionalidade. Quando a Justi\u00e7a trata um contribuinte produtivo como inimigo do Estado por uma doa\u00e7\u00e3o modesta, enquanto falha sistematicamente em punir com rigor quem comete crimes graves contra a sociedade, algo est\u00e1 profundamente errado no funcionamento das institui\u00e7\u00f5es.<\/p>\n\n\n\n<p><br>Isso n\u00e3o \u00e9 defesa de vandalismo ou de qualquer ato ilegal. \u00c9 defesa do m\u00ednimo de racionalidade e proporcionalidade que se espera de um Estado de Direito. Condenar algu\u00e9m a 14 anos por financiar transporte \u00e9 esticar o conceito de associa\u00e7\u00e3o criminosa at\u00e9 o ponto de torn\u00e1-lo irreconhec\u00edvel. Transforma apoio log\u00edstico em cumplicidade plena, ignora a dist\u00e2ncia entre inten\u00e7\u00e3o e resultado concreto e, pior, cria jurisprud\u00eancia perigosa para o futuro. Qualquer vaquinha ou contribui\u00e7\u00e3o para causas pol\u00edticas controversas pode, em tese, virar golpe.<\/p>\n\n\n\n<p><br>O Brasil que o povo quer n\u00e3o \u00e9 esse. N\u00e3o \u00e9 o pa\u00eds onde o empres\u00e1rio vira alvo priorit\u00e1rio enquanto a viol\u00eancia cotidiana e a corrup\u00e7\u00e3o estrutural seguem impunes ou subpunidas. N\u00e3o \u00e9 o pa\u00eds onde o Supremo parece mais preocupado em dar exemplos exemplares contra certos grupos do que em garantir que a Justi\u00e7a seja, de fato, igual para todos.<\/p>\n\n\n\n<p><br>Quando vamos acordar para cobrar, de forma intransigente, uma Justi\u00e7a proporcional, imparcial e que n\u00e3o confunda dissenso com crime? Enquanto isso n\u00e3o acontecer, o sentimento de que para uns a lei \u00e9 dura e para outros \u00e9 mole s\u00f3 vai crescer, junto com a eros\u00e3o da confian\u00e7a nas institui\u00e7\u00f5es.<\/p>\n\n\n\n<p><br>\u00c9 hora de o brasileiro, independentemente de cor ideol\u00f3gica, dizer basta a esse tipo de abuso.<\/p>\n","protected":false},"excerpt":{"rendered":"<p>Enquanto criminosos violentos, traficantes e corruptos de colarinho branco transitam com penas brandas ou saem rapidamente das pris\u00f5es, o Supremo Tribunal Federal decidiu que um Pix de R$ 500 pode custar 14 anos de cadeia a um empres\u00e1rio brasileiro. O caso envolve o empres\u00e1rio catarinense Alcides Hahn, condenado pela Primeira Turma do STF a 14 [&hellip;]<\/p>\n","protected":false},"author":20,"featured_media":322225,"comment_status":"closed","ping_status":"closed","sticky":false,"template":"","format":"standard","meta":{"advanced_seo_description":"","jetpack_seo_html_title":"","jetpack_seo_noindex":false,"_jetpack_memberships_contains_paid_content":false,"footnotes":""},"categories":[31047],"tags":[],"class_list":["post-322226","post","type-post","status-publish","format-standard","has-post-thumbnail","hentry","category-brasil"],"jetpack_featured_media_url":"https:\/\/i0.wp.com\/www.lavras24horas.com.br\/portal\/wp-content\/uploads\/2026\/04\/DS6K2QH6VNA3NLAYR6UTD54GBI.jpeg?fit=380%2C377&ssl=1","jetpack_sharing_enabled":true,"jetpack_likes_enabled":true,"jetpack_shortlink":"https:\/\/wp.me\/p12djN-1lPc","_links":{"self":[{"href":"https:\/\/www.lavras24horas.com.br\/portal\/wp-json\/wp\/v2\/posts\/322226","targetHints":{"allow":["GET"]}}],"collection":[{"href":"https:\/\/www.lavras24horas.com.br\/portal\/wp-json\/wp\/v2\/posts"}],"about":[{"href":"https:\/\/www.lavras24horas.com.br\/portal\/wp-json\/wp\/v2\/types\/post"}],"author":[{"embeddable":true,"href":"https:\/\/www.lavras24horas.com.br\/portal\/wp-json\/wp\/v2\/users\/20"}],"replies":[{"embeddable":true,"href":"https:\/\/www.lavras24horas.com.br\/portal\/wp-json\/wp\/v2\/comments?post=322226"}],"version-history":[{"count":1,"href":"https:\/\/www.lavras24horas.com.br\/portal\/wp-json\/wp\/v2\/posts\/322226\/revisions"}],"predecessor-version":[{"id":322227,"href":"https:\/\/www.lavras24horas.com.br\/portal\/wp-json\/wp\/v2\/posts\/322226\/revisions\/322227"}],"wp:featuredmedia":[{"embeddable":true,"href":"https:\/\/www.lavras24horas.com.br\/portal\/wp-json\/wp\/v2\/media\/322225"}],"wp:attachment":[{"href":"https:\/\/www.lavras24horas.com.br\/portal\/wp-json\/wp\/v2\/media?parent=322226"}],"wp:term":[{"taxonomy":"category","embeddable":true,"href":"https:\/\/www.lavras24horas.com.br\/portal\/wp-json\/wp\/v2\/categories?post=322226"},{"taxonomy":"post_tag","embeddable":true,"href":"https:\/\/www.lavras24horas.com.br\/portal\/wp-json\/wp\/v2\/tags?post=322226"}],"curies":[{"name":"wp","href":"https:\/\/api.w.org\/{rel}","templated":true}]}}