{"id":322214,"date":"2026-04-04T19:18:52","date_gmt":"2026-04-04T22:18:52","guid":{"rendered":"https:\/\/www.lavras24horas.com.br\/portal\/?p=322214"},"modified":"2026-04-04T19:18:52","modified_gmt":"2026-04-04T22:18:52","slug":"acordou-meio-de-chico-fala-misogina-de-neymar-sobre-arbitro-gera-revolta-e-pode-render-punicao","status":"publish","type":"post","link":"https:\/\/www.lavras24horas.com.br\/portal\/acordou-meio-de-chico-fala-misogina-de-neymar-sobre-arbitro-gera-revolta-e-pode-render-punicao\/","title":{"rendered":"\u2018Acordou meio de Chico\u2019: fala mis\u00f3gina de Neymar sobre \u00e1rbitro gera revolta e pode render puni\u00e7\u00e3o\u201d"},"content":{"rendered":"\n<p>Neymar Jr. voltou a ser centro de pol\u00eamica fora de campo. Ap\u00f3s a vit\u00f3ria do Santos por 2 a 0 sobre o Remo, na Vila Belmiro, pela 9\u00aa rodada do Campeonato Brasileiro, o atacante criticou o \u00e1rbitro S\u00e1vio Pereira Sampaio com uma express\u00e3o considerada mis\u00f3gina.<\/p>\n\n\n\n<p>Irritado com o terceiro cart\u00e3o amarelo recebido (que o deixar\u00e1 fora do cl\u00e1ssico contra o Flamengo), Neymar declarou em entrevista:<\/p>\n\n\n\n<p>\u201cS\u00e1vio \u00e9 assim, acordou meio de \u2018Chico\u2019 e veio assim pro jogo.\u201d<\/p>\n\n\n\n<p>A express\u00e3o \u201cacordou de Chico\u201d (ou \u201cestar de Chico\u201d) \u00e9 uma g\u00edria antiga e pejorativa que faz refer\u00eancia ao per\u00edodo menstrual da mulher, associando-o de forma depreciativa a mau humor ou comportamento inst\u00e1vel. A fala foi imediatamente classificada como machista e mis\u00f3gina por jornalistas, ativistas e pela imprensa internacional.<\/p>\n\n\n\n<p>A declara\u00e7\u00e3o gerou forte repercuss\u00e3o nas redes sociais e reacendeu o debate sobre o comportamento do jogador. H\u00e1 possibilidade de Neymar ser denunciado ao Superior Tribunal de Justi\u00e7a Desportiva (STJD), o que poderia resultar em multa ou suspens\u00e3o.<\/p>\n\n\n\n<p>At\u00e9 o momento, o atacante n\u00e3o se manifestou sobre as cr\u00edticas.<\/p>\n\n\n\n<p>E voc\u00ea, o que acha da fala de Neymar? Foi apenas uma reclama\u00e7\u00e3o exagerada ou realmente uma declara\u00e7\u00e3o mis\u00f3gina? Deixe sua opini\u00e3o nos coment\u00e1rios.<\/p>\n","protected":false},"excerpt":{"rendered":"<p>Neymar Jr. voltou a ser centro de pol\u00eamica fora de campo. Ap\u00f3s a vit\u00f3ria do Santos por 2 a 0 sobre o Remo, na Vila Belmiro, pela 9\u00aa rodada do Campeonato Brasileiro, o atacante criticou o \u00e1rbitro S\u00e1vio Pereira Sampaio com uma express\u00e3o considerada mis\u00f3gina. Irritado com o terceiro cart\u00e3o amarelo recebido (que o deixar\u00e1 [&hellip;]<\/p>\n","protected":false},"author":7,"featured_media":322213,"comment_status":"closed","ping_status":"closed","sticky":false,"template":"","format":"standard","meta":{"advanced_seo_description":"","jetpack_seo_html_title":"","jetpack_seo_noindex":false,"_jetpack_memberships_contains_paid_content":false,"footnotes":""},"categories":[4],"tags":[],"class_list":["post-322214","post","type-post","status-publish","format-standard","has-post-thumbnail","hentry","category-lavras"],"jetpack_featured_media_url":"https:\/\/i0.wp.com\/www.lavras24horas.com.br\/portal\/wp-content\/uploads\/2026\/04\/img_8144.jpg?fit=1000%2C773&ssl=1","jetpack_sharing_enabled":true,"jetpack_likes_enabled":true,"_links":{"self":[{"href":"https:\/\/www.lavras24horas.com.br\/portal\/wp-json\/wp\/v2\/posts\/322214","targetHints":{"allow":["GET"]}}],"collection":[{"href":"https:\/\/www.lavras24horas.com.br\/portal\/wp-json\/wp\/v2\/posts"}],"about":[{"href":"https:\/\/www.lavras24horas.com.br\/portal\/wp-json\/wp\/v2\/types\/post"}],"author":[{"embeddable":true,"href":"https:\/\/www.lavras24horas.com.br\/portal\/wp-json\/wp\/v2\/users\/7"}],"replies":[{"embeddable":true,"href":"https:\/\/www.lavras24horas.com.br\/portal\/wp-json\/wp\/v2\/comments?post=322214"}],"version-history":[{"count":1,"href":"https:\/\/www.lavras24horas.com.br\/portal\/wp-json\/wp\/v2\/posts\/322214\/revisions"}],"predecessor-version":[{"id":322215,"href":"https:\/\/www.lavras24horas.com.br\/portal\/wp-json\/wp\/v2\/posts\/322214\/revisions\/322215"}],"wp:featuredmedia":[{"embeddable":true,"href":"https:\/\/www.lavras24horas.com.br\/portal\/wp-json\/wp\/v2\/media\/322213"}],"wp:attachment":[{"href":"https:\/\/www.lavras24horas.com.br\/portal\/wp-json\/wp\/v2\/media?parent=322214"}],"wp:term":[{"taxonomy":"category","embeddable":true,"href":"https:\/\/www.lavras24horas.com.br\/portal\/wp-json\/wp\/v2\/categories?post=322214"},{"taxonomy":"post_tag","embeddable":true,"href":"https:\/\/www.lavras24horas.com.br\/portal\/wp-json\/wp\/v2\/tags?post=322214"}],"curies":[{"name":"wp","href":"https:\/\/api.w.org\/{rel}","templated":true}]}}