{"id":322202,"date":"2026-04-04T12:10:25","date_gmt":"2026-04-04T15:10:25","guid":{"rendered":"https:\/\/www.lavras24horas.com.br\/portal\/?p=322202"},"modified":"2026-04-04T12:10:25","modified_gmt":"2026-04-04T15:10:25","slug":"a-voz-que-marcou-geracoes-esta-voltando-a-lavras-sandra-sa-celebra-70-anos-com-show-imperdivel","status":"publish","type":"post","link":"https:\/\/www.lavras24horas.com.br\/portal\/a-voz-que-marcou-geracoes-esta-voltando-a-lavras-sandra-sa-celebra-70-anos-com-show-imperdivel\/","title":{"rendered":"A voz que marcou gera\u00e7\u00f5es est\u00e1 voltando a Lavras! Sandra S\u00e1 celebra 70 anos com show imperd\u00edvel"},"content":{"rendered":"\n<p>\ud83c\udfa4\u2728 A rainha do soul brasileiro est\u00e1 com tudo!<\/p>\n\n\n\n<p>A cantora Sandra S\u00e1 sobe ao palco do Fant\u00e1stico, na TV Globo, neste domingo (5), para um super show e bate-papo com Maju Coutinho.<\/p>\n\n\n\n<p>Celebrando 70 anos de vida e 45 de carreira, a artista tamb\u00e9m tem encontro marcado com Lavras! \ud83d\udc9b<\/p>\n\n\n\n<p>\ud83d\udccd No dia 25 de abril, a partir das 16h, ela se apresenta no Festival Vinhos &amp; M\u00fasica, no Parque Quedas do Rio Bonito \u2014 um cen\u00e1rio incr\u00edvel em meio \u00e0 natureza, com gastronomia, experi\u00eancias sensoriais e muita m\u00fasica boa.<\/p>\n\n\n\n<p>\ud83c\udf9f\ufe0f Garanta seu ingresso:<br \/>https:\/\/bangalobrasil.pagtickets.com.br\/bangalo-vinhos-e-musica-com-sandra-de-sa__21941\/<\/p>\n\n\n\n<p>\ud83d\udca5 Setores dispon\u00edveis:<\/p>\n\n\n\n<ul class=\"wp-block-list\">\n<li>Pista \u2013 acesso ao show e \u00e1reas gastron\u00f4micas<\/li>\n\n\n\n<li>\u00c1rea VIP \u2013 vinhos e queijos liberados + espa\u00e7o exclusivo<\/li>\n\n\n\n<li>Backstage Super Premium \u2013 jantar especial + encontro com a artista<\/li>\n<\/ul>\n\n\n\n<p>\ud83d\udd25 Lavras vai viver um momento hist\u00f3rico!<\/p>\n\n\n\n<h1 class=\"wp-block-heading\">CurtaLavras #SandraS\u00e1 #VinhosEM\u00fasica #LavrasMG #showdavida<\/h1>\n","protected":false},"excerpt":{"rendered":"<p>\ud83c\udfa4\u2728 A rainha do soul brasileiro est\u00e1 com tudo! A cantora Sandra S\u00e1 sobe ao palco do Fant\u00e1stico, na TV Globo, neste domingo (5), para um super show e bate-papo com Maju Coutinho. Celebrando 70 anos de vida e 45 de carreira, a artista tamb\u00e9m tem encontro marcado com Lavras! \ud83d\udc9b \ud83d\udccd No dia 25 [&hellip;]<\/p>\n","protected":false},"author":7,"featured_media":322201,"comment_status":"closed","ping_status":"closed","sticky":false,"template":"","format":"standard","meta":{"advanced_seo_description":"","jetpack_seo_html_title":"","jetpack_seo_noindex":false,"_jetpack_memberships_contains_paid_content":false,"footnotes":""},"categories":[4],"tags":[],"class_list":["post-322202","post","type-post","status-publish","format-standard","has-post-thumbnail","hentry","category-lavras"],"jetpack_featured_media_url":"https:\/\/i0.wp.com\/www.lavras24horas.com.br\/portal\/wp-content\/uploads\/2026\/04\/img_8132.jpg?fit=1000%2C1000&ssl=1","jetpack_sharing_enabled":true,"jetpack_likes_enabled":true,"jetpack_shortlink":"https:\/\/wp.me\/p12djN-1lOO","_links":{"self":[{"href":"https:\/\/www.lavras24horas.com.br\/portal\/wp-json\/wp\/v2\/posts\/322202","targetHints":{"allow":["GET"]}}],"collection":[{"href":"https:\/\/www.lavras24horas.com.br\/portal\/wp-json\/wp\/v2\/posts"}],"about":[{"href":"https:\/\/www.lavras24horas.com.br\/portal\/wp-json\/wp\/v2\/types\/post"}],"author":[{"embeddable":true,"href":"https:\/\/www.lavras24horas.com.br\/portal\/wp-json\/wp\/v2\/users\/7"}],"replies":[{"embeddable":true,"href":"https:\/\/www.lavras24horas.com.br\/portal\/wp-json\/wp\/v2\/comments?post=322202"}],"version-history":[{"count":1,"href":"https:\/\/www.lavras24horas.com.br\/portal\/wp-json\/wp\/v2\/posts\/322202\/revisions"}],"predecessor-version":[{"id":322203,"href":"https:\/\/www.lavras24horas.com.br\/portal\/wp-json\/wp\/v2\/posts\/322202\/revisions\/322203"}],"wp:featuredmedia":[{"embeddable":true,"href":"https:\/\/www.lavras24horas.com.br\/portal\/wp-json\/wp\/v2\/media\/322201"}],"wp:attachment":[{"href":"https:\/\/www.lavras24horas.com.br\/portal\/wp-json\/wp\/v2\/media?parent=322202"}],"wp:term":[{"taxonomy":"category","embeddable":true,"href":"https:\/\/www.lavras24horas.com.br\/portal\/wp-json\/wp\/v2\/categories?post=322202"},{"taxonomy":"post_tag","embeddable":true,"href":"https:\/\/www.lavras24horas.com.br\/portal\/wp-json\/wp\/v2\/tags?post=322202"}],"curies":[{"name":"wp","href":"https:\/\/api.w.org\/{rel}","templated":true}]}}