{"id":322181,"date":"2026-04-03T14:27:40","date_gmt":"2026-04-03T17:27:40","guid":{"rendered":"https:\/\/www.lavras24horas.com.br\/portal\/?p=322181"},"modified":"2026-04-03T14:29:53","modified_gmt":"2026-04-03T17:29:53","slug":"carreta-entra-em-area-residencial-fica-presa-em-cruzamento-e-causa-danos-a-postes-em-lavras","status":"publish","type":"post","link":"https:\/\/www.lavras24horas.com.br\/portal\/carreta-entra-em-area-residencial-fica-presa-em-cruzamento-e-causa-danos-a-postes-em-lavras\/","title":{"rendered":"Carreta entra em \u00e1rea residencial, fica presa em cruzamento e causa danos a postes em Lavras"},"content":{"rendered":"\n<p>Uma carreta chamou a aten\u00e7\u00e3o de moradores ao entrar em uma \u00e1rea residencial na rua Raimunda Marques, regi\u00e3o entre os bairros Jardim Gl\u00f3ria e Campestre, em Lavras.<\/p>\n\n\n\n<figure class=\"wp-block-video\"><video height=\"850\" style=\"aspect-ratio: 478 \/ 850;\" width=\"478\" controls src=\"https:\/\/www.lavras24horas.com.br\/portal\/wp-content\/uploads\/2026\/04\/VID-20260403-WA0145.mp4\"><\/video><\/figure>\n\n\n\n<p>Segundo imagens enviadas ao Lavras 24h, o ve\u00edculo de grande porte acabou ficando travado em um cruzamento, gerando transtornos no tr\u00e2nsito local e dificultando a passagem de outros ve\u00edculos.<\/p>\n\n\n\n<p>Al\u00e9m do bloqueio parcial da via, a carreta tamb\u00e9m teria causado danos \u00e0 estrutura de postes de energia el\u00e9trica durante a manobra, o que aumenta a preocupa\u00e7\u00e3o com poss\u00edveis riscos na rede el\u00e9trica da regi\u00e3o.<\/p>\n\n\n\n<p>Moradores relataram surpresa com a presen\u00e7a do ve\u00edculo em uma rua considerada inadequada para esse tipo de tr\u00e1fego, j\u00e1 que o local possui espa\u00e7o reduzido e n\u00e3o \u00e9 projetado para circula\u00e7\u00e3o de carretas.<\/p>\n\n\n\n<p>Ainda n\u00e3o h\u00e1 informa\u00e7\u00f5es oficiais sobre o que teria levado o motorista a acessar o trecho nem sobre a extens\u00e3o dos danos causados.<\/p>\n","protected":false},"excerpt":{"rendered":"<p>Uma carreta chamou a aten\u00e7\u00e3o de moradores ao entrar em uma \u00e1rea residencial na rua Raimunda Marques, regi\u00e3o entre os bairros Jardim Gl\u00f3ria e Campestre, em Lavras. Segundo imagens enviadas ao Lavras 24h, o ve\u00edculo de grande porte acabou ficando travado em um cruzamento, gerando transtornos no tr\u00e2nsito local e dificultando a passagem de outros [&hellip;]<\/p>\n","protected":false},"author":20,"featured_media":322179,"comment_status":"closed","ping_status":"closed","sticky":false,"template":"","format":"standard","meta":{"advanced_seo_description":"","jetpack_seo_html_title":"","jetpack_seo_noindex":false,"_jetpack_memberships_contains_paid_content":false,"footnotes":""},"categories":[4],"tags":[],"class_list":["post-322181","post","type-post","status-publish","format-standard","has-post-thumbnail","hentry","category-lavras"],"jetpack_featured_media_url":"https:\/\/i0.wp.com\/www.lavras24horas.com.br\/portal\/wp-content\/uploads\/2026\/04\/Screenshot_2026-04-03-14-28-00-698_com.miui_.gallery.png?fit=1421%2C1853&ssl=1","jetpack_sharing_enabled":true,"jetpack_likes_enabled":true,"jetpack_shortlink":"https:\/\/wp.me\/p12djN-1lOt","_links":{"self":[{"href":"https:\/\/www.lavras24horas.com.br\/portal\/wp-json\/wp\/v2\/posts\/322181","targetHints":{"allow":["GET"]}}],"collection":[{"href":"https:\/\/www.lavras24horas.com.br\/portal\/wp-json\/wp\/v2\/posts"}],"about":[{"href":"https:\/\/www.lavras24horas.com.br\/portal\/wp-json\/wp\/v2\/types\/post"}],"author":[{"embeddable":true,"href":"https:\/\/www.lavras24horas.com.br\/portal\/wp-json\/wp\/v2\/users\/20"}],"replies":[{"embeddable":true,"href":"https:\/\/www.lavras24horas.com.br\/portal\/wp-json\/wp\/v2\/comments?post=322181"}],"version-history":[{"count":1,"href":"https:\/\/www.lavras24horas.com.br\/portal\/wp-json\/wp\/v2\/posts\/322181\/revisions"}],"predecessor-version":[{"id":322182,"href":"https:\/\/www.lavras24horas.com.br\/portal\/wp-json\/wp\/v2\/posts\/322181\/revisions\/322182"}],"wp:featuredmedia":[{"embeddable":true,"href":"https:\/\/www.lavras24horas.com.br\/portal\/wp-json\/wp\/v2\/media\/322179"}],"wp:attachment":[{"href":"https:\/\/www.lavras24horas.com.br\/portal\/wp-json\/wp\/v2\/media?parent=322181"}],"wp:term":[{"taxonomy":"category","embeddable":true,"href":"https:\/\/www.lavras24horas.com.br\/portal\/wp-json\/wp\/v2\/categories?post=322181"},{"taxonomy":"post_tag","embeddable":true,"href":"https:\/\/www.lavras24horas.com.br\/portal\/wp-json\/wp\/v2\/tags?post=322181"}],"curies":[{"name":"wp","href":"https:\/\/api.w.org\/{rel}","templated":true}]}}