{"id":322170,"date":"2026-04-03T14:08:39","date_gmt":"2026-04-03T17:08:39","guid":{"rendered":"https:\/\/www.lavras24horas.com.br\/portal\/?p=322170"},"modified":"2026-04-03T14:08:39","modified_gmt":"2026-04-03T17:08:39","slug":"crianca-autista-chega-machucada-em-casa-escola-em-minas-tera-que-pagar-r-15-mil-por-danos-morais","status":"publish","type":"post","link":"https:\/\/www.lavras24horas.com.br\/portal\/crianca-autista-chega-machucada-em-casa-escola-em-minas-tera-que-pagar-r-15-mil-por-danos-morais\/","title":{"rendered":"Crian\u00e7a autista chega machucada em casa: escola em Minas ter\u00e1 que pagar R$ 15 mil por danos morais"},"content":{"rendered":"\n<p>A 10\u00aa C\u00e2mara C\u00edvel do Tribunal de Justi\u00e7a de Minas Gerais aumentou de R$ 10 mil para R$ 15 mil a indeniza\u00e7\u00e3o por danos morais que uma escola dever\u00e1 pagar \u00e0 m\u00e3e de uma crian\u00e7a com Transtorno do Espectro Autista (TEA) em grau moderado.<\/p>\n\n\n\n<p>Os desembargadores entenderam que o acompanhamento inadequado na institui\u00e7\u00e3o causou sofrimento emocional, regress\u00e3o comportamental e ferimentos f\u00edsicos no aluno. O nome da escola n\u00e3o foi revelado, pois o processo tramita em sigilo.<\/p>\n\n\n\n<p>A decis\u00e3o refor\u00e7a o dever das escolas de oferecer educa\u00e7\u00e3o inclusiva e de qualidade a alunos com defici\u00eancia, conforme a Lei Brasileira de Inclus\u00e3o.<\/p>\n\n\n\n<p>Segundo a m\u00e3e, antes de entrar na escola o menino apresentava dificuldades na fala, mas evolu\u00eda com terapias multidisciplinares. Ap\u00f3s a matr\u00edcula, ele passou a relatar xingamentos frequentes, isolamento social e regress\u00e3o na comunica\u00e7\u00e3o. Em alguns momentos, quando recebia apoio, a crian\u00e7a ficava separada dos demais colegas.<\/p>\n\n\n\n<p>Acompanhe mais not\u00edcias nas redes sociais!<\/p>\n\n\n\n<p>Imagem ilustrativa <\/p>\n","protected":false},"excerpt":{"rendered":"<p>A 10\u00aa C\u00e2mara C\u00edvel do Tribunal de Justi\u00e7a de Minas Gerais aumentou de R$ 10 mil para R$ 15 mil a indeniza\u00e7\u00e3o por danos morais que uma escola dever\u00e1 pagar \u00e0 m\u00e3e de uma crian\u00e7a com Transtorno do Espectro Autista (TEA) em grau moderado. Os desembargadores entenderam que o acompanhamento inadequado na institui\u00e7\u00e3o causou sofrimento [&hellip;]<\/p>\n","protected":false},"author":7,"featured_media":322169,"comment_status":"closed","ping_status":"closed","sticky":false,"template":"","format":"standard","meta":{"advanced_seo_description":"","jetpack_seo_html_title":"","jetpack_seo_noindex":false,"_jetpack_memberships_contains_paid_content":false,"footnotes":""},"categories":[79],"tags":[22514,31572,31575,31576,31573,31574],"class_list":["post-322170","post","type-post","status-publish","format-standard","has-post-thumbnail","hentry","category-regiao","tag-autismo","tag-educacao_inclusiva","tag-educacao_para_pessoas_com_deficiencia","tag-educacao_para_pessoas_com_deficiencia_e_com_transtorno_do_espectro_autista","tag-inclusao_educacional","tag-transtorno_especial_do_desenvolvimento"],"jetpack_featured_media_url":"https:\/\/i0.wp.com\/www.lavras24horas.com.br\/portal\/wp-content\/uploads\/2026\/04\/img_8090.png?fit=710%2C372&ssl=1","jetpack_sharing_enabled":true,"jetpack_likes_enabled":true,"jetpack_shortlink":"https:\/\/wp.me\/p12djN-1lOi","_links":{"self":[{"href":"https:\/\/www.lavras24horas.com.br\/portal\/wp-json\/wp\/v2\/posts\/322170","targetHints":{"allow":["GET"]}}],"collection":[{"href":"https:\/\/www.lavras24horas.com.br\/portal\/wp-json\/wp\/v2\/posts"}],"about":[{"href":"https:\/\/www.lavras24horas.com.br\/portal\/wp-json\/wp\/v2\/types\/post"}],"author":[{"embeddable":true,"href":"https:\/\/www.lavras24horas.com.br\/portal\/wp-json\/wp\/v2\/users\/7"}],"replies":[{"embeddable":true,"href":"https:\/\/www.lavras24horas.com.br\/portal\/wp-json\/wp\/v2\/comments?post=322170"}],"version-history":[{"count":1,"href":"https:\/\/www.lavras24horas.com.br\/portal\/wp-json\/wp\/v2\/posts\/322170\/revisions"}],"predecessor-version":[{"id":322171,"href":"https:\/\/www.lavras24horas.com.br\/portal\/wp-json\/wp\/v2\/posts\/322170\/revisions\/322171"}],"wp:featuredmedia":[{"embeddable":true,"href":"https:\/\/www.lavras24horas.com.br\/portal\/wp-json\/wp\/v2\/media\/322169"}],"wp:attachment":[{"href":"https:\/\/www.lavras24horas.com.br\/portal\/wp-json\/wp\/v2\/media?parent=322170"}],"wp:term":[{"taxonomy":"category","embeddable":true,"href":"https:\/\/www.lavras24horas.com.br\/portal\/wp-json\/wp\/v2\/categories?post=322170"},{"taxonomy":"post_tag","embeddable":true,"href":"https:\/\/www.lavras24horas.com.br\/portal\/wp-json\/wp\/v2\/tags?post=322170"}],"curies":[{"name":"wp","href":"https:\/\/api.w.org\/{rel}","templated":true}]}}