{"id":322046,"date":"2026-03-31T17:21:01","date_gmt":"2026-03-31T20:21:01","guid":{"rendered":"https:\/\/www.lavras24horas.com.br\/portal\/?p=322046"},"modified":"2026-03-31T17:21:01","modified_gmt":"2026-03-31T20:21:01","slug":"caos-na-rodovia-caminhao-com-porcos-pega-fogo-e-animais-correm-desesperados-pela-mgc-383","status":"publish","type":"post","link":"https:\/\/www.lavras24horas.com.br\/portal\/caos-na-rodovia-caminhao-com-porcos-pega-fogo-e-animais-correm-desesperados-pela-mgc-383\/","title":{"rendered":"Caos na rodovia: caminh\u00e3o com porcos pega fogo e animais correm desesperados pela MGC-383"},"content":{"rendered":"\n<p>Um inc\u00eandio de grandes propor\u00e7\u00f5es destruiu um caminh\u00e3o carregado de porcos vivos na tarde de segunda-feira (30\/3), na rodovia MGC-383, entre Lagoa Dourada e S\u00e3o Jo\u00e3o del-Rei, na regi\u00e3o do Campo das Vertentes.<\/p>\n\n\n\n<figure class=\"wp-block-image size-large\"><img data-recalc-dims=\"1\" fetchpriority=\"high\" decoding=\"async\" width=\"521\" height=\"650\" data-attachment-id=\"322045\" data-permalink=\"https:\/\/www.lavras24horas.com.br\/portal\/5eb9f32b-f864-4aa9-8ac7-e72739b23c7a-jpg\/\" data-orig-file=\"https:\/\/i0.wp.com\/www.lavras24horas.com.br\/portal\/wp-content\/uploads\/2026\/03\/5eb9f32b-f864-4aa9-8ac7-e72739b23c7a.jpg?fit=802%2C1000&amp;ssl=1\" data-orig-size=\"802,1000\" data-comments-opened=\"0\" data-image-meta=\"{&quot;aperture&quot;:&quot;0&quot;,&quot;credit&quot;:&quot;&quot;,&quot;camera&quot;:&quot;&quot;,&quot;caption&quot;:&quot;&quot;,&quot;created_timestamp&quot;:&quot;1774986530&quot;,&quot;copyright&quot;:&quot;&quot;,&quot;focal_length&quot;:&quot;0&quot;,&quot;iso&quot;:&quot;0&quot;,&quot;shutter_speed&quot;:&quot;0&quot;,&quot;title&quot;:&quot;&quot;,&quot;orientation&quot;:&quot;1&quot;}\" data-image-title=\"5eb9f32b-f864-4aa9-8ac7-e72739b23c7a.jpg\" data-image-description=\"\" data-image-caption=\"\" data-large-file=\"https:\/\/i0.wp.com\/www.lavras24horas.com.br\/portal\/wp-content\/uploads\/2026\/03\/5eb9f32b-f864-4aa9-8ac7-e72739b23c7a.jpg?fit=521%2C650&amp;ssl=1\" src=\"https:\/\/i0.wp.com\/www.lavras24horas.com.br\/portal\/wp-content\/uploads\/2026\/03\/5eb9f32b-f864-4aa9-8ac7-e72739b23c7a-521x650.jpg?resize=521%2C650&#038;ssl=1\" class=\"wp-image-322045\" srcset=\"https:\/\/i0.wp.com\/www.lavras24horas.com.br\/portal\/wp-content\/uploads\/2026\/03\/5eb9f32b-f864-4aa9-8ac7-e72739b23c7a.jpg?resize=521%2C650&amp;ssl=1 521w, https:\/\/i0.wp.com\/www.lavras24horas.com.br\/portal\/wp-content\/uploads\/2026\/03\/5eb9f32b-f864-4aa9-8ac7-e72739b23c7a.jpg?resize=768%2C958&amp;ssl=1 768w, https:\/\/i0.wp.com\/www.lavras24horas.com.br\/portal\/wp-content\/uploads\/2026\/03\/5eb9f32b-f864-4aa9-8ac7-e72739b23c7a.jpg?w=802&amp;ssl=1 802w\" sizes=\"(max-width: 521px) 100vw, 521px\" \/><\/figure>\n\n\n\n<p>O motorista, um homem de 30 anos, percebeu o in\u00edcio das chamas e conseguiu escapar do ve\u00edculo a tempo, sem sofrer ferimentos. No entanto, parte dos animais morreu carbonizada dentro do caminh\u00e3o.<\/p>\n\n\n\n<p>Imagens impressionantes divulgadas pelo Corpo de Bombeiros de S\u00e3o Jo\u00e3o del-Rei mostram o ve\u00edculo tomado pelas chamas e v\u00e1rios porcos sobreviventes correndo soltos pela pista, em meio ao p\u00e2nico. Equipes dos bombeiros precisaram atuar n\u00e3o apenas no combate ao fogo, mas tamb\u00e9m na captura dos animais que escaparam.<\/p>\n\n\n\n<p>Os militares combateram as chamas e realizaram o rescaldo, impedindo que o inc\u00eandio se alastrasse para a vegeta\u00e7\u00e3o ao lado da rodovia. O tr\u00e2nsito ficou completamente interrompido nos dois sentidos da MGC-383 durante o atendimento da ocorr\u00eancia.<br \/>As causas do inc\u00eandio ainda ser\u00e3o investigadas pela Pol\u00edcia Civil e pelos peritos. A suspeita inicial \u00e9 de falha mec\u00e2nica ou el\u00e9trica no ve\u00edculo.<\/p>\n\n\n\n<p>O acidente mobilizou os bombeiros de S\u00e3o Jo\u00e3o del-Rei e gerou grande como\u00e7\u00e3o na regi\u00e3o devido \u00e0 cena inusitada de porcos soltos na pista.<\/p>\n","protected":false},"excerpt":{"rendered":"<p>Um inc\u00eandio de grandes propor\u00e7\u00f5es destruiu um caminh\u00e3o carregado de porcos vivos na tarde de segunda-feira (30\/3), na rodovia MGC-383, entre Lagoa Dourada e S\u00e3o Jo\u00e3o del-Rei, na regi\u00e3o do Campo das Vertentes. O motorista, um homem de 30 anos, percebeu o in\u00edcio das chamas e conseguiu escapar do ve\u00edculo a tempo, sem sofrer ferimentos. [&hellip;]<\/p>\n","protected":false},"author":7,"featured_media":322044,"comment_status":"closed","ping_status":"closed","sticky":false,"template":"","format":"standard","meta":{"advanced_seo_description":"","jetpack_seo_html_title":"","jetpack_seo_noindex":false,"_jetpack_memberships_contains_paid_content":false,"footnotes":""},"categories":[79],"tags":[],"class_list":["post-322046","post","type-post","status-publish","format-standard","has-post-thumbnail","hentry","category-regiao"],"jetpack_featured_media_url":"https:\/\/i0.wp.com\/www.lavras24horas.com.br\/portal\/wp-content\/uploads\/2026\/03\/e9c36f4b-0e08-4843-8112-4776b80cb694.jpg?fit=802%2C1000&ssl=1","jetpack_sharing_enabled":true,"jetpack_likes_enabled":true,"_links":{"self":[{"href":"https:\/\/www.lavras24horas.com.br\/portal\/wp-json\/wp\/v2\/posts\/322046","targetHints":{"allow":["GET"]}}],"collection":[{"href":"https:\/\/www.lavras24horas.com.br\/portal\/wp-json\/wp\/v2\/posts"}],"about":[{"href":"https:\/\/www.lavras24horas.com.br\/portal\/wp-json\/wp\/v2\/types\/post"}],"author":[{"embeddable":true,"href":"https:\/\/www.lavras24horas.com.br\/portal\/wp-json\/wp\/v2\/users\/7"}],"replies":[{"embeddable":true,"href":"https:\/\/www.lavras24horas.com.br\/portal\/wp-json\/wp\/v2\/comments?post=322046"}],"version-history":[{"count":1,"href":"https:\/\/www.lavras24horas.com.br\/portal\/wp-json\/wp\/v2\/posts\/322046\/revisions"}],"predecessor-version":[{"id":322047,"href":"https:\/\/www.lavras24horas.com.br\/portal\/wp-json\/wp\/v2\/posts\/322046\/revisions\/322047"}],"wp:featuredmedia":[{"embeddable":true,"href":"https:\/\/www.lavras24horas.com.br\/portal\/wp-json\/wp\/v2\/media\/322044"}],"wp:attachment":[{"href":"https:\/\/www.lavras24horas.com.br\/portal\/wp-json\/wp\/v2\/media?parent=322046"}],"wp:term":[{"taxonomy":"category","embeddable":true,"href":"https:\/\/www.lavras24horas.com.br\/portal\/wp-json\/wp\/v2\/categories?post=322046"},{"taxonomy":"post_tag","embeddable":true,"href":"https:\/\/www.lavras24horas.com.br\/portal\/wp-json\/wp\/v2\/tags?post=322046"}],"curies":[{"name":"wp","href":"https:\/\/api.w.org\/{rel}","templated":true}]}}