{"id":321796,"date":"2026-03-27T18:25:51","date_gmt":"2026-03-27T21:25:51","guid":{"rendered":"https:\/\/www.lavras24horas.com.br\/portal\/?p=321796"},"modified":"2026-03-27T18:26:02","modified_gmt":"2026-03-27T21:26:02","slug":"o-deputado-andre-janones-foi-expulso-da-oab-mg-apos-acumular-tres-infracoes-etico-disciplinares-em-menos-de-5-anos","status":"publish","type":"post","link":"https:\/\/www.lavras24horas.com.br\/portal\/o-deputado-andre-janones-foi-expulso-da-oab-mg-apos-acumular-tres-infracoes-etico-disciplinares-em-menos-de-5-anos\/","title":{"rendered":"O deputado Andr\u00e9 Janones foi expulso da OAB-MG ap\u00f3s acumular tr\u00eas infra\u00e7\u00f5es \u00e9tico-disciplinares em menos de 5 anos"},"content":{"rendered":"\n<p>A Ordem dos Advogados do Brasil \u2013 Se\u00e7\u00e3o Minas Gerais (OAB-MG) decidiu pela exclus\u00e3o definitiva do deputado federal Andr\u00e9 Janones (Rede-MG) de seus quadros. A medida foi tomada nesta sexta-feira ap\u00f3s o parlamentar acumular pelo menos tr\u00eas infra\u00e7\u00f5es \u00e9tico-disciplinares em intervalo inferior a cinco anos, conforme prev\u00ea o Estatuto da Advocacia (Lei 8.906\/94).<br><br>A decis\u00e3o \u00e9 autom\u00e1tica em casos de reincid\u00eancia com aplica\u00e7\u00e3o repetida de suspens\u00f5es. Janones j\u00e1 havia recebido m\u00faltiplas puni\u00e7\u00f5es, incluindo suspens\u00f5es que somaram mais de 500 dias. Entre os casos analisados, destaca-se a acusa\u00e7\u00e3o de reten\u00e7\u00e3o indevida de valores obtidos em a\u00e7\u00e3o judicial, sem repasse ao cliente \u2013 conduta considerada grave no C\u00f3digo de \u00c9tica da OAB. Outros processos tramitam em sigilo, padr\u00e3o nos procedimentos disciplinares da entidade.<br><br>Com a exclus\u00e3o, Janones perde o direito de exercer a advocacia em todo o territ\u00f3rio nacional. A san\u00e7\u00e3o s\u00f3 poder\u00e1 ser revertida caso a defesa consiga \u00eaxito em recurso ao Conselho Federal da OAB ou, em \u00faltima inst\u00e2ncia, ao Poder Judici\u00e1rio. Historicamente, decis\u00f5es de exclus\u00e3o por reincid\u00eancia s\u00e3o mantidas.<br><br>Procurado pela imprensa, o deputado reagiu de forma direta e informal: \u201cCaguei\u201d. Segundo sua assessoria, ele j\u00e1 havia manifestado desejo de deixar os quadros da OAB desde que assumiu o mandato federal. Recentemente, Janones trocou o Avante pela Rede Sustentabilidade, movimento visto como preparat\u00f3rio para as elei\u00e7\u00f5es de 2026, inclusive com poss\u00edvel pr\u00e9-candidatura ao governo de Minas Gerais.<br><br>O caso adiciona mais um cap\u00edtulo \u00e0s controv\u00e9rsias envolvendo o parlamentar, que j\u00e1 enfrentou investiga\u00e7\u00f5es sobre supostas rachadinhas (com acordo homologado no STF) e suspens\u00f5es no Conselho de \u00c9tica da C\u00e2mara dos Deputados.<br><br>A OAB-MG n\u00e3o comentou detalhes dos processos por sigilo, mas fontes da entidade confirmaram que o ac\u00famulo de san\u00e7\u00f5es n\u00e3o deixava outra alternativa sen\u00e3o a exclus\u00e3o.<\/p>\n","protected":false},"excerpt":{"rendered":"<p>A Ordem dos Advogados do Brasil \u2013 Se\u00e7\u00e3o Minas Gerais (OAB-MG) decidiu pela exclus\u00e3o definitiva do deputado federal Andr\u00e9 Janones (Rede-MG) de seus quadros. A medida foi tomada nesta sexta-feira ap\u00f3s o parlamentar acumular pelo menos tr\u00eas infra\u00e7\u00f5es \u00e9tico-disciplinares em intervalo inferior a cinco anos, conforme prev\u00ea o Estatuto da Advocacia (Lei 8.906\/94). A decis\u00e3o [&hellip;]<\/p>\n","protected":false},"author":20,"featured_media":321795,"comment_status":"closed","ping_status":"closed","sticky":false,"template":"","format":"standard","meta":{"advanced_seo_description":"","jetpack_seo_html_title":"","jetpack_seo_noindex":false,"_jetpack_memberships_contains_paid_content":false,"footnotes":""},"categories":[31047],"tags":[],"class_list":["post-321796","post","type-post","status-publish","format-standard","has-post-thumbnail","hentry","category-brasil"],"jetpack_featured_media_url":"https:\/\/i0.wp.com\/www.lavras24horas.com.br\/portal\/wp-content\/uploads\/2026\/03\/andre-janones.jpg?fit=768%2C512&ssl=1","jetpack_sharing_enabled":true,"jetpack_likes_enabled":true,"_links":{"self":[{"href":"https:\/\/www.lavras24horas.com.br\/portal\/wp-json\/wp\/v2\/posts\/321796","targetHints":{"allow":["GET"]}}],"collection":[{"href":"https:\/\/www.lavras24horas.com.br\/portal\/wp-json\/wp\/v2\/posts"}],"about":[{"href":"https:\/\/www.lavras24horas.com.br\/portal\/wp-json\/wp\/v2\/types\/post"}],"author":[{"embeddable":true,"href":"https:\/\/www.lavras24horas.com.br\/portal\/wp-json\/wp\/v2\/users\/20"}],"replies":[{"embeddable":true,"href":"https:\/\/www.lavras24horas.com.br\/portal\/wp-json\/wp\/v2\/comments?post=321796"}],"version-history":[{"count":1,"href":"https:\/\/www.lavras24horas.com.br\/portal\/wp-json\/wp\/v2\/posts\/321796\/revisions"}],"predecessor-version":[{"id":321797,"href":"https:\/\/www.lavras24horas.com.br\/portal\/wp-json\/wp\/v2\/posts\/321796\/revisions\/321797"}],"wp:featuredmedia":[{"embeddable":true,"href":"https:\/\/www.lavras24horas.com.br\/portal\/wp-json\/wp\/v2\/media\/321795"}],"wp:attachment":[{"href":"https:\/\/www.lavras24horas.com.br\/portal\/wp-json\/wp\/v2\/media?parent=321796"}],"wp:term":[{"taxonomy":"category","embeddable":true,"href":"https:\/\/www.lavras24horas.com.br\/portal\/wp-json\/wp\/v2\/categories?post=321796"},{"taxonomy":"post_tag","embeddable":true,"href":"https:\/\/www.lavras24horas.com.br\/portal\/wp-json\/wp\/v2\/tags?post=321796"}],"curies":[{"name":"wp","href":"https:\/\/api.w.org\/{rel}","templated":true}]}}