{"id":320563,"date":"2026-03-11T10:25:37","date_gmt":"2026-03-11T13:25:37","guid":{"rendered":"https:\/\/www.lavras24horas.com.br\/portal\/?p=320563"},"modified":"2026-03-11T10:25:47","modified_gmt":"2026-03-11T13:25:47","slug":"ministerio-publico-de-minas-gerais-analisa-desdobramentos-criminais-apos-pancadaria-na-final-do-mineiro","status":"publish","type":"post","link":"https:\/\/www.lavras24horas.com.br\/portal\/ministerio-publico-de-minas-gerais-analisa-desdobramentos-criminais-apos-pancadaria-na-final-do-mineiro\/","title":{"rendered":"Minist\u00e9rio P\u00fablico de Minas Gerais analisa desdobramentos criminais ap\u00f3s pancadaria na final do Mineiro"},"content":{"rendered":"\n<p>A Pol\u00edcia Civil de Minas Gerais (PCMG) instaurou um inqu\u00e9rito para investigar a briga generalizada entre jogadores de Atl\u00e9tico e Cruzeiro na final do Campeonato Mineiro 2026. O conflito, que resultou em 23 expuls\u00f5es registradas em s\u00famula, agora ultrapassa a esfera esportiva e ser\u00e1 encaminhado ao Minist\u00e9rio P\u00fablico de Minas Gerais (MPMG) para an\u00e1lise de poss\u00edveis crimes, como les\u00e3o corporal e provoca\u00e7\u00e3o de tumulto.<br><br>A confus\u00e3o teve in\u00edcio nos acr\u00e9scimos da partida no Mineir\u00e3o, ap\u00f3s um choque entre o goleiro Everson e o meio-campista Christian. O que se seguiu foram cenas de viol\u00eancia com trocas de socos, chutes e voadoras envolvendo atletas e membros das comiss\u00f5es t\u00e9cnicas. A Delegacia de Eventos e Prote\u00e7\u00e3o ao Turista est\u00e1 respons\u00e1vel pela coleta de imagens e v\u00eddeos para identificar as responsabilidades individuais.<br><br>De acordo com especialistas em direito desportivo, embora o esporte preveja o contato f\u00edsico, agress\u00f5es deliberadas fogem ao exerc\u00edcio regular do direito e podem ser enquadradas no C\u00f3digo Penal ou na Lei Geral do Esporte. O MPMG aguarda a conclus\u00e3o do inqu\u00e9rito policial para decidir se oferecer\u00e1 den\u00fancia criminal contra os envolvidos. Na esfera esportiva, o Tribunal de Justi\u00e7a Desportiva de Minas Gerais (TJD-MG) tamb\u00e9m prepara den\u00fancias que podem resultar em suspens\u00f5es de at\u00e9 12 partidas para os jogadores identificados.<\/p>\n","protected":false},"excerpt":{"rendered":"<p>A Pol\u00edcia Civil de Minas Gerais (PCMG) instaurou um inqu\u00e9rito para investigar a briga generalizada entre jogadores de Atl\u00e9tico e Cruzeiro na final do Campeonato Mineiro 2026. O conflito, que resultou em 23 expuls\u00f5es registradas em s\u00famula, agora ultrapassa a esfera esportiva e ser\u00e1 encaminhado ao Minist\u00e9rio P\u00fablico de Minas Gerais (MPMG) para an\u00e1lise de [&hellip;]<\/p>\n","protected":false},"author":20,"featured_media":320562,"comment_status":"closed","ping_status":"closed","sticky":false,"template":"","format":"standard","meta":{"advanced_seo_description":"","jetpack_seo_html_title":"","jetpack_seo_noindex":false,"_jetpack_memberships_contains_paid_content":false,"footnotes":""},"categories":[31036],"tags":[],"class_list":["post-320563","post","type-post","status-publish","format-standard","has-post-thumbnail","hentry","category-esportes"],"jetpack_featured_media_url":"https:\/\/i0.wp.com\/www.lavras24horas.com.br\/portal\/wp-content\/uploads\/2026\/03\/images-16.jpeg?fit=640%2C480&ssl=1","jetpack_sharing_enabled":true,"jetpack_likes_enabled":true,"jetpack_shortlink":"https:\/\/wp.me\/p12djN-1lon","_links":{"self":[{"href":"https:\/\/www.lavras24horas.com.br\/portal\/wp-json\/wp\/v2\/posts\/320563","targetHints":{"allow":["GET"]}}],"collection":[{"href":"https:\/\/www.lavras24horas.com.br\/portal\/wp-json\/wp\/v2\/posts"}],"about":[{"href":"https:\/\/www.lavras24horas.com.br\/portal\/wp-json\/wp\/v2\/types\/post"}],"author":[{"embeddable":true,"href":"https:\/\/www.lavras24horas.com.br\/portal\/wp-json\/wp\/v2\/users\/20"}],"replies":[{"embeddable":true,"href":"https:\/\/www.lavras24horas.com.br\/portal\/wp-json\/wp\/v2\/comments?post=320563"}],"version-history":[{"count":1,"href":"https:\/\/www.lavras24horas.com.br\/portal\/wp-json\/wp\/v2\/posts\/320563\/revisions"}],"predecessor-version":[{"id":320564,"href":"https:\/\/www.lavras24horas.com.br\/portal\/wp-json\/wp\/v2\/posts\/320563\/revisions\/320564"}],"wp:featuredmedia":[{"embeddable":true,"href":"https:\/\/www.lavras24horas.com.br\/portal\/wp-json\/wp\/v2\/media\/320562"}],"wp:attachment":[{"href":"https:\/\/www.lavras24horas.com.br\/portal\/wp-json\/wp\/v2\/media?parent=320563"}],"wp:term":[{"taxonomy":"category","embeddable":true,"href":"https:\/\/www.lavras24horas.com.br\/portal\/wp-json\/wp\/v2\/categories?post=320563"},{"taxonomy":"post_tag","embeddable":true,"href":"https:\/\/www.lavras24horas.com.br\/portal\/wp-json\/wp\/v2\/tags?post=320563"}],"curies":[{"name":"wp","href":"https:\/\/api.w.org\/{rel}","templated":true}]}}