{"id":320041,"date":"2026-03-05T21:40:34","date_gmt":"2026-03-06T00:40:34","guid":{"rendered":"https:\/\/www.lavras24horas.com.br\/portal\/?p=320041"},"modified":"2026-03-05T21:40:34","modified_gmt":"2026-03-06T00:40:34","slug":"capital-inicial-anuncia-show-em-lavras-e-comentario-da-035-producoes-nas-redes-sociais-levanta-expectativa","status":"publish","type":"post","link":"https:\/\/www.lavras24horas.com.br\/portal\/capital-inicial-anuncia-show-em-lavras-e-comentario-da-035-producoes-nas-redes-sociais-levanta-expectativa\/","title":{"rendered":"Capital Inicial anuncia show em Lavras e coment\u00e1rio da 035 Produ\u00e7\u00f5es nas redes sociais levanta expectativa"},"content":{"rendered":"\n<p class=\"p1\">A banda Capital Inicial divulgou as primeiras datas da turn\u00ea \u201cM\u00fasica Urbana\u201d, que vai percorrer diversas cidades do Brasil nos pr\u00f3ximos meses. Entre elas aparece Lavras, com apresenta\u00e7\u00e3o prevista para o dia 26 de setembro.<\/p>\n\n\n\n<p class=\"p1\">A nova turn\u00ea promete levar aos palcos a ess\u00eancia do rock de Bras\u00edlia, reunindo sucessos marcantes da carreira da banda e tamb\u00e9m m\u00fasicas do EP mais recente, \u201cMovimento\u201d.<\/p>\n\n\n\n<p class=\"p1\">Apesar da cidade aparecer no cronograma divulgado pela banda, ainda n\u00e3o h\u00e1 confirma\u00e7\u00e3o oficial sobre a organiza\u00e7\u00e3o do evento em Lavras, nem informa\u00e7\u00f5es sobre local ou in\u00edcio da venda de ingressos.<\/p>\n\n\n\n<p class=\"p1\">Nas redes sociais, por\u00e9m, um detalhe chamou aten\u00e7\u00e3o dos f\u00e3s. A 035 Produ\u00e7\u00f5es, respons\u00e1vel por grandes eventos na regi\u00e3o, comentou na publica\u00e7\u00e3o oficial da banda no Instagram, o que rapidamente gerou coment\u00e1rios e levantou murmurinhos entre o p\u00fablico sobre uma poss\u00edvel participa\u00e7\u00e3o na realiza\u00e7\u00e3o do show.<\/p>\n\n\n\n<p class=\"p1\">At\u00e9 o momento, nenhum an\u00fancio oficial foi feito, mas a expectativa j\u00e1 come\u00e7a a crescer entre os f\u00e3s de rock da regi\u00e3o.<\/p>\n\n\n\n<p class=\"p1\">Novas informa\u00e7\u00f5es devem ser divulgadas em breve.<\/p>\n","protected":false},"excerpt":{"rendered":"<p>A banda Capital Inicial divulgou as primeiras datas da turn\u00ea \u201cM\u00fasica Urbana\u201d, que vai percorrer diversas cidades do Brasil nos pr\u00f3ximos meses. Entre elas aparece Lavras, com apresenta\u00e7\u00e3o prevista para o dia 26 de setembro. A nova turn\u00ea promete levar aos palcos a ess\u00eancia do rock de Bras\u00edlia, reunindo sucessos marcantes da carreira da banda [&hellip;]<\/p>\n","protected":false},"author":7,"featured_media":320040,"comment_status":"closed","ping_status":"closed","sticky":false,"template":"","format":"standard","meta":{"advanced_seo_description":"","jetpack_seo_html_title":"","jetpack_seo_noindex":false,"_jetpack_memberships_contains_paid_content":false,"footnotes":""},"categories":[4],"tags":[977,31407,31410,31413,169,31408,31412,31409,31411,5130],"class_list":["post-320041","post","type-post","status-publish","format-standard","has-post-thumbnail","hentry","category-lavras","tag-brasil-2","tag-capital-inicial","tag-eventos-culturais","tag-eventos-culturais-brasilia","tag-lavras-2","tag-musica-urbana","tag-musica-urbana-brasilia","tag-rock-brasileiro","tag-rock-brasileiro-brasilia","tag-turne"],"jetpack_featured_media_url":"https:\/\/i0.wp.com\/www.lavras24horas.com.br\/portal\/wp-content\/uploads\/2026\/03\/img_6472.jpg?fit=968%2C1000&ssl=1","jetpack_sharing_enabled":true,"jetpack_likes_enabled":true,"_links":{"self":[{"href":"https:\/\/www.lavras24horas.com.br\/portal\/wp-json\/wp\/v2\/posts\/320041","targetHints":{"allow":["GET"]}}],"collection":[{"href":"https:\/\/www.lavras24horas.com.br\/portal\/wp-json\/wp\/v2\/posts"}],"about":[{"href":"https:\/\/www.lavras24horas.com.br\/portal\/wp-json\/wp\/v2\/types\/post"}],"author":[{"embeddable":true,"href":"https:\/\/www.lavras24horas.com.br\/portal\/wp-json\/wp\/v2\/users\/7"}],"replies":[{"embeddable":true,"href":"https:\/\/www.lavras24horas.com.br\/portal\/wp-json\/wp\/v2\/comments?post=320041"}],"version-history":[{"count":1,"href":"https:\/\/www.lavras24horas.com.br\/portal\/wp-json\/wp\/v2\/posts\/320041\/revisions"}],"predecessor-version":[{"id":320042,"href":"https:\/\/www.lavras24horas.com.br\/portal\/wp-json\/wp\/v2\/posts\/320041\/revisions\/320042"}],"wp:featuredmedia":[{"embeddable":true,"href":"https:\/\/www.lavras24horas.com.br\/portal\/wp-json\/wp\/v2\/media\/320040"}],"wp:attachment":[{"href":"https:\/\/www.lavras24horas.com.br\/portal\/wp-json\/wp\/v2\/media?parent=320041"}],"wp:term":[{"taxonomy":"category","embeddable":true,"href":"https:\/\/www.lavras24horas.com.br\/portal\/wp-json\/wp\/v2\/categories?post=320041"},{"taxonomy":"post_tag","embeddable":true,"href":"https:\/\/www.lavras24horas.com.br\/portal\/wp-json\/wp\/v2\/tags?post=320041"}],"curies":[{"name":"wp","href":"https:\/\/api.w.org\/{rel}","templated":true}]}}