{"id":320038,"date":"2026-03-05T21:10:04","date_gmt":"2026-03-06T00:10:04","guid":{"rendered":"https:\/\/www.lavras24horas.com.br\/portal\/?p=320038"},"modified":"2026-03-05T21:10:04","modified_gmt":"2026-03-06T00:10:04","slug":"policia-de-meio-ambiente-de-lavras-prende-seis-por-mineracao-ilegal-na-zona-rural-de-itumirim","status":"publish","type":"post","link":"https:\/\/www.lavras24horas.com.br\/portal\/policia-de-meio-ambiente-de-lavras-prende-seis-por-mineracao-ilegal-na-zona-rural-de-itumirim\/","title":{"rendered":"Pol\u00edcia de Meio Ambiente de Lavras prende seis por minera\u00e7\u00e3o ilegal na zona rural de Itumirim"},"content":{"rendered":"\n<p class=\"p1\">Uma opera\u00e7\u00e3o da Pol\u00edcia Militar de Meio Ambiente de Lavras resultou na pris\u00e3o de seis pessoas suspeitas de explora\u00e7\u00e3o mineral ilegal na zona rural de Itumirim, no Sul de Minas.<\/p>\n\n\n\n<p class=\"p1\">A a\u00e7\u00e3o ocorreu na quarta-feira (4), durante a Opera\u00e7\u00e3o Flora, realizada pela 5\u00aa Companhia do 1\u00ba Grupamento de Pol\u00edcia Militar de Meio Ambiente. Durante patrulhamento, os militares identificaram seis indiv\u00edduos realizando a extra\u00e7\u00e3o de rocha ornamental a c\u00e9u aberto, material utilizado principalmente para revestimentos.<\/p>\n\n\n\n<p class=\"p1\">Devido \u00e0 dificuldade do terreno e ao n\u00famero de pessoas no local, os policiais acionaram apoio da equipe de intelig\u00eancia e do GEPAM 05 para garantir a seguran\u00e7a da abordagem. Ap\u00f3s a chegada do refor\u00e7o, todos os suspeitos foram abordados.<\/p>\n\n\n\n<p class=\"p1\">Segundo a PM de Meio Ambiente, ficou constatado que a atividade era realizada sem qualquer documenta\u00e7\u00e3o ou autoriza\u00e7\u00e3o legal, configurando explora\u00e7\u00e3o mineral clandestina.<\/p>\n\n\n\n<p class=\"p1\">Diante da irregularidade, os seis envolvidos receberam voz de pris\u00e3o e foram encaminhados para a Delegacia da Pol\u00edcia Federal em Varginha, respons\u00e1vel por esse tipo de crime.<\/p>\n\n\n\n<p class=\"p1\">No local, os policiais tamb\u00e9m apreenderam ferramentas utilizadas na extra\u00e7\u00e3o, todo o material que havia sido retirado da \u00e1rea e dois ve\u00edculos envolvidos na atividade.<\/p>\n\n\n\n<p class=\"p1\">A Pol\u00edcia Militar destacou que a explora\u00e7\u00e3o mineral clandestina \u00e9 considerada crime contra o patrim\u00f4nio da Uni\u00e3o, conforme a Lei Federal n\u00ba 8.176\/1991, al\u00e9m de crime ambiental, previsto na Lei de Crimes Ambientais (Lei n\u00ba 9.605\/1998).<\/p>\n\n\n\n<p class=\"p1\">Autos de infra\u00e7\u00e3o tamb\u00e9m foram lavrados contra os autores com base no Decreto Estadual n\u00ba 47.383\/2018.<\/p>\n\n\n\n<p class=\"p1\">As investiga\u00e7\u00f5es seguem para apurar outros poss\u00edveis envolvidos na atividade ilegal.<\/p>\n","protected":false},"excerpt":{"rendered":"<p>Uma opera\u00e7\u00e3o da Pol\u00edcia Militar de Meio Ambiente de Lavras resultou na pris\u00e3o de seis pessoas suspeitas de explora\u00e7\u00e3o mineral ilegal na zona rural de Itumirim, no Sul de Minas. A a\u00e7\u00e3o ocorreu na quarta-feira (4), durante a Opera\u00e7\u00e3o Flora, realizada pela 5\u00aa Companhia do 1\u00ba Grupamento de Pol\u00edcia Militar de Meio Ambiente. Durante patrulhamento, [&hellip;]<\/p>\n","protected":false},"author":7,"featured_media":320037,"comment_status":"closed","ping_status":"closed","sticky":false,"template":"","format":"standard","meta":{"advanced_seo_description":"","jetpack_seo_html_title":"","jetpack_seo_noindex":false,"_jetpack_memberships_contains_paid_content":false,"footnotes":""},"categories":[1],"tags":[],"class_list":["post-320038","post","type-post","status-publish","format-standard","has-post-thumbnail","hentry","category-sem-categoria"],"jetpack_featured_media_url":"https:\/\/i0.wp.com\/www.lavras24horas.com.br\/portal\/wp-content\/uploads\/2026\/03\/3843ce2d-7622-4560-be9b-72fff230209a.jpg?fit=960%2C720&ssl=1","jetpack_sharing_enabled":true,"jetpack_likes_enabled":true,"_links":{"self":[{"href":"https:\/\/www.lavras24horas.com.br\/portal\/wp-json\/wp\/v2\/posts\/320038","targetHints":{"allow":["GET"]}}],"collection":[{"href":"https:\/\/www.lavras24horas.com.br\/portal\/wp-json\/wp\/v2\/posts"}],"about":[{"href":"https:\/\/www.lavras24horas.com.br\/portal\/wp-json\/wp\/v2\/types\/post"}],"author":[{"embeddable":true,"href":"https:\/\/www.lavras24horas.com.br\/portal\/wp-json\/wp\/v2\/users\/7"}],"replies":[{"embeddable":true,"href":"https:\/\/www.lavras24horas.com.br\/portal\/wp-json\/wp\/v2\/comments?post=320038"}],"version-history":[{"count":1,"href":"https:\/\/www.lavras24horas.com.br\/portal\/wp-json\/wp\/v2\/posts\/320038\/revisions"}],"predecessor-version":[{"id":320039,"href":"https:\/\/www.lavras24horas.com.br\/portal\/wp-json\/wp\/v2\/posts\/320038\/revisions\/320039"}],"wp:featuredmedia":[{"embeddable":true,"href":"https:\/\/www.lavras24horas.com.br\/portal\/wp-json\/wp\/v2\/media\/320037"}],"wp:attachment":[{"href":"https:\/\/www.lavras24horas.com.br\/portal\/wp-json\/wp\/v2\/media?parent=320038"}],"wp:term":[{"taxonomy":"category","embeddable":true,"href":"https:\/\/www.lavras24horas.com.br\/portal\/wp-json\/wp\/v2\/categories?post=320038"},{"taxonomy":"post_tag","embeddable":true,"href":"https:\/\/www.lavras24horas.com.br\/portal\/wp-json\/wp\/v2\/tags?post=320038"}],"curies":[{"name":"wp","href":"https:\/\/api.w.org\/{rel}","templated":true}]}}