{"id":320035,"date":"2026-03-05T20:25:21","date_gmt":"2026-03-05T23:25:21","guid":{"rendered":"https:\/\/www.lavras24horas.com.br\/portal\/?p=320035"},"modified":"2026-03-05T20:25:21","modified_gmt":"2026-03-05T23:25:21","slug":"motivacao-revelada-atuacao-contra-o-crime-organizado-levou-a-execucao-de-sargento-em-campo-belo","status":"publish","type":"post","link":"https:\/\/www.lavras24horas.com.br\/portal\/motivacao-revelada-atuacao-contra-o-crime-organizado-levou-a-execucao-de-sargento-em-campo-belo\/","title":{"rendered":"Motiva\u00e7\u00e3o revelada: atua\u00e7\u00e3o contra o crime organizado levou \u00e0 execu\u00e7\u00e3o de sargento em Campo Belo"},"content":{"rendered":"\n<p class=\"p1\">A Pol\u00edcia Militar de Minas Gerais revelou nesta quinta-feira (5) a poss\u00edvel motiva\u00e7\u00e3o para o assassinato do 3\u00ba sargento Rodrigo da Silva Pereira, de 40 anos, ocorrido na noite de quarta-feira (4), em Campo Belo, no Sul de Minas.<\/p>\n\n\n\n<p class=\"p1\">Segundo informa\u00e7\u00f5es divulgadas pela corpora\u00e7\u00e3o durante entrevista coletiva, um dos suspeitos presos confessou que o crime foi motivado pela atua\u00e7\u00e3o firme do militar contra o crime organizado na cidade.<\/p>\n\n\n\n<p class=\"p1\">De acordo com o subcomandante do 8\u00ba Batalh\u00e3o da Pol\u00edcia Militar, major Marcos Paulo, o pr\u00f3prio criminoso relatou que o sargento vinha dificultando as atividades do grupo.<\/p>\n\n\n\n<p class=\"p1\">Nas palavras do suspeito, Rodrigo \u201cestava atrapalhando as atividades criminosas\u201d e combatendo de forma incisiva os delitos praticados pela organiza\u00e7\u00e3o na regi\u00e3o.<\/p>\n\n\n\n<p class=\"p1\">O militar foi atacado enquanto estava em um carro particular. Dois homens em uma motocicleta se aproximaram do ve\u00edculo e efetuaram v\u00e1rios disparos. O filho do sargento tamb\u00e9m estava dentro do carro no momento do atentado, mas n\u00e3o foi atingido.<\/p>\n\n\n\n<p class=\"p1\">Ap\u00f3s o crime, uma grande opera\u00e7\u00e3o policial foi desencadeada na regi\u00e3o. Durante as a\u00e7\u00f5es, dois suspeitos morreram em confrontos com a Pol\u00edcia Militar. Outros dois homens foram presos e um adolescente foi apreendido. Tr\u00eas armas de fogo foram recolhidas.<\/p>\n\n\n\n<p class=\"p1\">Segundo a PM, todos os envolvidos fazem parte de um grupo criminoso que atua em Campo Belo e cidades vizinhas.<\/p>\n\n\n\n<p class=\"p1\">A corpora\u00e7\u00e3o destacou que Rodrigo da Silva Pereira era um policial muito atuante no combate \u00e0 criminalidade e j\u00e1 havia participado de diversas a\u00e7\u00f5es contra o crime organizado na regi\u00e3o, o que teria motivado a retalia\u00e7\u00e3o por parte da quadrilha.<\/p>\n\n\n\n<p class=\"p1\">O caso segue sob investiga\u00e7\u00e3o.<\/p>\n","protected":false},"excerpt":{"rendered":"<p>A Pol\u00edcia Militar de Minas Gerais revelou nesta quinta-feira (5) a poss\u00edvel motiva\u00e7\u00e3o para o assassinato do 3\u00ba sargento Rodrigo da Silva Pereira, de 40 anos, ocorrido na noite de quarta-feira (4), em Campo Belo, no Sul de Minas. Segundo informa\u00e7\u00f5es divulgadas pela corpora\u00e7\u00e3o durante entrevista coletiva, um dos suspeitos presos confessou que o crime [&hellip;]<\/p>\n","protected":false},"author":7,"featured_media":320034,"comment_status":"closed","ping_status":"closed","sticky":false,"template":"","format":"standard","meta":{"advanced_seo_description":"","jetpack_seo_html_title":"","jetpack_seo_noindex":false,"_jetpack_memberships_contains_paid_content":false,"footnotes":""},"categories":[79],"tags":[],"class_list":["post-320035","post","type-post","status-publish","format-standard","has-post-thumbnail","hentry","category-regiao"],"jetpack_featured_media_url":"https:\/\/i0.wp.com\/www.lavras24horas.com.br\/portal\/wp-content\/uploads\/2026\/03\/img_6457.jpg?fit=1000%2C563&ssl=1","jetpack_sharing_enabled":true,"jetpack_likes_enabled":true,"_links":{"self":[{"href":"https:\/\/www.lavras24horas.com.br\/portal\/wp-json\/wp\/v2\/posts\/320035","targetHints":{"allow":["GET"]}}],"collection":[{"href":"https:\/\/www.lavras24horas.com.br\/portal\/wp-json\/wp\/v2\/posts"}],"about":[{"href":"https:\/\/www.lavras24horas.com.br\/portal\/wp-json\/wp\/v2\/types\/post"}],"author":[{"embeddable":true,"href":"https:\/\/www.lavras24horas.com.br\/portal\/wp-json\/wp\/v2\/users\/7"}],"replies":[{"embeddable":true,"href":"https:\/\/www.lavras24horas.com.br\/portal\/wp-json\/wp\/v2\/comments?post=320035"}],"version-history":[{"count":1,"href":"https:\/\/www.lavras24horas.com.br\/portal\/wp-json\/wp\/v2\/posts\/320035\/revisions"}],"predecessor-version":[{"id":320036,"href":"https:\/\/www.lavras24horas.com.br\/portal\/wp-json\/wp\/v2\/posts\/320035\/revisions\/320036"}],"wp:featuredmedia":[{"embeddable":true,"href":"https:\/\/www.lavras24horas.com.br\/portal\/wp-json\/wp\/v2\/media\/320034"}],"wp:attachment":[{"href":"https:\/\/www.lavras24horas.com.br\/portal\/wp-json\/wp\/v2\/media?parent=320035"}],"wp:term":[{"taxonomy":"category","embeddable":true,"href":"https:\/\/www.lavras24horas.com.br\/portal\/wp-json\/wp\/v2\/categories?post=320035"},{"taxonomy":"post_tag","embeddable":true,"href":"https:\/\/www.lavras24horas.com.br\/portal\/wp-json\/wp\/v2\/tags?post=320035"}],"curies":[{"name":"wp","href":"https:\/\/api.w.org\/{rel}","templated":true}]}}