{"id":320019,"date":"2026-03-05T15:49:36","date_gmt":"2026-03-05T18:49:36","guid":{"rendered":"https:\/\/www.lavras24horas.com.br\/portal\/?p=320019"},"modified":"2026-03-05T15:49:46","modified_gmt":"2026-03-05T18:49:46","slug":"em-coletiva-oficial-pmmg-confirma-que-execucao-de-sargento-foi-encomendada-por-criminosos","status":"publish","type":"post","link":"https:\/\/www.lavras24horas.com.br\/portal\/em-coletiva-oficial-pmmg-confirma-que-execucao-de-sargento-foi-encomendada-por-criminosos\/","title":{"rendered":"Em coletiva oficial, PMMG confirma que execu\u00e7\u00e3o de Sargento foi encomendada por criminosos"},"content":{"rendered":"\n<p>A Pol\u00edcia Militar de Minas Gerais detalhou, em coletiva realizada nesta quinta-feira (5), a cronologia da opera\u00e7\u00e3o que parou Campo Belo ap\u00f3s o assassinato do 3\u00ba Sargento Rodrigo da Silva Pereira. O crime, ocorrido por volta das 19h de quarta-feira, mobilizou imediatamente equipes locais e refor\u00e7os de Lavras. Atrav\u00e9s de intelig\u00eancia e tecnologia, a corpora\u00e7\u00e3o identificou os envolvidos em tempo recorde, revelando uma trama de vingan\u00e7a contra o militar.<\/p>\n\n\n\n<figure class=\"wp-block-video\"><video height=\"1080\" style=\"aspect-ratio: 1440 \/ 1080;\" width=\"1440\" controls src=\"https:\/\/www.lavras24horas.com.br\/portal\/wp-content\/uploads\/2026\/03\/VID_20260305_154855.mp4\"><\/video><\/figure>\n\n\n\n<p><br><br>Segundo o comando da PM, as dilig\u00eancias levaram \u00e0 captura de um suspeito que portava uma das armas do crime. Com informa\u00e7\u00f5es estrat\u00e9gicas, os militares cercaram os esconderijos do segundo executor. Em um dos locais, uma pessoa ligada ao bando indicou o paradeiro exato do criminoso. Ao ser confrontado pela equipe t\u00e1tica, o indiv\u00edduo resistiu portando arma de fogo e iniciou um tiroteio. Ele foi baleado, socorrido, mas n\u00e3o resistiu aos ferimentos.<br><br>O desfecho das investiga\u00e7\u00f5es preliminares aponta para um atentado planejado. &#8220;Ficou muito claro, pela pr\u00f3pria fala dos criminosos presos, que essa emboscada contra o Sargento Rodrigo ocorreu em virtude da atua\u00e7\u00e3o dele no combate ao crime&#8221;, afirmou o porta-voz da PMMG durante a coletiva. A execu\u00e7\u00e3o teria sido uma retalia\u00e7\u00e3o de um grupo criminoso incomodado com o trabalho rigoroso do sargento contra a marginalidade na regi\u00e3o.<br><br>Al\u00e9m das mortes em confronto, outras pris\u00f5es foram efetuadas e armamentos foram retirados de circula\u00e7\u00e3o. A Pol\u00edcia Militar ressaltou que a opera\u00e7\u00e3o n\u00e3o terminou e que o policiamento permanece intensificado em Campo Belo e cidades vizinhas. Novas pris\u00f5es s\u00e3o esperadas nas pr\u00f3ximas horas, enquanto a corpora\u00e7\u00e3o reafirma que n\u00e3o recuar\u00e1 diante de ataques contra seus integrantes.<\/p>\n\n\n\n<p><\/p>\n","protected":false},"excerpt":{"rendered":"<p>A Pol\u00edcia Militar de Minas Gerais detalhou, em coletiva realizada nesta quinta-feira (5), a cronologia da opera\u00e7\u00e3o que parou Campo Belo ap\u00f3s o assassinato do 3\u00ba Sargento Rodrigo da Silva Pereira. O crime, ocorrido por volta das 19h de quarta-feira, mobilizou imediatamente equipes locais e refor\u00e7os de Lavras. Atrav\u00e9s de intelig\u00eancia e tecnologia, a corpora\u00e7\u00e3o [&hellip;]<\/p>\n","protected":false},"author":20,"featured_media":320017,"comment_status":"closed","ping_status":"closed","sticky":false,"template":"","format":"standard","meta":{"advanced_seo_description":"","jetpack_seo_html_title":"","jetpack_seo_noindex":false,"_jetpack_memberships_contains_paid_content":false,"footnotes":""},"categories":[79],"tags":[],"class_list":["post-320019","post","type-post","status-publish","format-standard","has-post-thumbnail","hentry","category-regiao"],"jetpack_featured_media_url":"https:\/\/i0.wp.com\/www.lavras24horas.com.br\/portal\/wp-content\/uploads\/2026\/03\/Screenshot_2026-03-05-15-49-14-242_com.miui_.gallery.png?fit=1395%2C884&ssl=1","jetpack_sharing_enabled":true,"jetpack_likes_enabled":true,"_links":{"self":[{"href":"https:\/\/www.lavras24horas.com.br\/portal\/wp-json\/wp\/v2\/posts\/320019","targetHints":{"allow":["GET"]}}],"collection":[{"href":"https:\/\/www.lavras24horas.com.br\/portal\/wp-json\/wp\/v2\/posts"}],"about":[{"href":"https:\/\/www.lavras24horas.com.br\/portal\/wp-json\/wp\/v2\/types\/post"}],"author":[{"embeddable":true,"href":"https:\/\/www.lavras24horas.com.br\/portal\/wp-json\/wp\/v2\/users\/20"}],"replies":[{"embeddable":true,"href":"https:\/\/www.lavras24horas.com.br\/portal\/wp-json\/wp\/v2\/comments?post=320019"}],"version-history":[{"count":1,"href":"https:\/\/www.lavras24horas.com.br\/portal\/wp-json\/wp\/v2\/posts\/320019\/revisions"}],"predecessor-version":[{"id":320020,"href":"https:\/\/www.lavras24horas.com.br\/portal\/wp-json\/wp\/v2\/posts\/320019\/revisions\/320020"}],"wp:featuredmedia":[{"embeddable":true,"href":"https:\/\/www.lavras24horas.com.br\/portal\/wp-json\/wp\/v2\/media\/320017"}],"wp:attachment":[{"href":"https:\/\/www.lavras24horas.com.br\/portal\/wp-json\/wp\/v2\/media?parent=320019"}],"wp:term":[{"taxonomy":"category","embeddable":true,"href":"https:\/\/www.lavras24horas.com.br\/portal\/wp-json\/wp\/v2\/categories?post=320019"},{"taxonomy":"post_tag","embeddable":true,"href":"https:\/\/www.lavras24horas.com.br\/portal\/wp-json\/wp\/v2\/tags?post=320019"}],"curies":[{"name":"wp","href":"https:\/\/api.w.org\/{rel}","templated":true}]}}