{"id":319825,"date":"2026-03-03T14:18:59","date_gmt":"2026-03-03T17:18:59","guid":{"rendered":"https:\/\/www.lavras24horas.com.br\/portal\/?p=319825"},"modified":"2026-03-03T14:19:05","modified_gmt":"2026-03-03T17:19:05","slug":"corte-amargo-rodrygo-sofre-lesao-grave-e-esta-fora-da-copa-do-mundo-2026","status":"publish","type":"post","link":"https:\/\/www.lavras24horas.com.br\/portal\/corte-amargo-rodrygo-sofre-lesao-grave-e-esta-fora-da-copa-do-mundo-2026\/","title":{"rendered":"Corte amargo: Rodrygo sofre les\u00e3o grave e est\u00e1 fora da Copa do Mundo 2026"},"content":{"rendered":"\n<p>O sonho do hexa sofreu um duro golpe nesta ter\u00e7a-feira. O atacante Rodrygo, um dos pilares do ciclo da Sele\u00e7\u00e3o Brasileira e do Real Madrid, teve confirmada uma ruptura do ligamento cruzado anterior (LCA) e do menisco lateral do joelho direito. A gravidade da les\u00e3o retira o jogador n\u00e3o apenas do restante da temporada europeia, mas tamb\u00e9m da disputa da Copa do Mundo de 2026, que come\u00e7a em junho.<br><br>O incidente ocorreu durante a partida do Real Madrid contra o Getafe, na \u00faltima segunda-feira, pelo Campeonato Espanhol. Rodrygo, que havia acabado de retornar aos gramados ap\u00f3s um per\u00edodo afastado por tendinite, entrou no segundo tempo e sentiu o joelho travar no gramado em uma disputa de bola. Apesar de ter terminado o jogo em campo, os exames realizados hoje pelos m\u00e9dicos do clube espanhol confirmaram o pior cen\u00e1rio.<br><br>A recupera\u00e7\u00e3o para este tipo de les\u00e3o varia entre seis e doze meses, o que inviabiliza sua participa\u00e7\u00e3o no Mundial. A CBF j\u00e1 manifestou solidariedade ao atleta, refor\u00e7ando que o departamento m\u00e9dico da Sele\u00e7\u00e3o est\u00e1 em contato com o Real Madrid para acompanhar o processo cir\u00fargico e a reabilita\u00e7\u00e3o.<br><br>Para o t\u00e9cnico Carlo Ancelotti, que comanda a Sele\u00e7\u00e3o Brasileira, a aus\u00eancia de Rodrygo \u00e9 uma perda estrat\u00e9gica imensa. O &#8220;Rayo&#8221; vinha sendo pe\u00e7a constante nas convoca\u00e7\u00f5es e era considerado titular absoluto para o torneio. Agora, a comiss\u00e3o t\u00e9cnica precisar\u00e1 buscar alternativas para o setor ofensivo antes da estreia contra o Marrocos, marcada para o dia 13 de junho em Nova Jersey.<br><br>Fontes: CNN Brasil, Band Esportes, Real Madrid CF, TVT News.<\/p>\n","protected":false},"excerpt":{"rendered":"<p>O sonho do hexa sofreu um duro golpe nesta ter\u00e7a-feira. O atacante Rodrygo, um dos pilares do ciclo da Sele\u00e7\u00e3o Brasileira e do Real Madrid, teve confirmada uma ruptura do ligamento cruzado anterior (LCA) e do menisco lateral do joelho direito. A gravidade da les\u00e3o retira o jogador n\u00e3o apenas do restante da temporada europeia, [&hellip;]<\/p>\n","protected":false},"author":20,"featured_media":319824,"comment_status":"closed","ping_status":"closed","sticky":false,"template":"","format":"standard","meta":{"advanced_seo_description":"","jetpack_seo_html_title":"","jetpack_seo_noindex":false,"_jetpack_memberships_contains_paid_content":false,"footnotes":""},"categories":[31036],"tags":[],"class_list":["post-319825","post","type-post","status-publish","format-standard","has-post-thumbnail","hentry","category-esportes"],"jetpack_featured_media_url":"https:\/\/i0.wp.com\/www.lavras24horas.com.br\/portal\/wp-content\/uploads\/2026\/03\/whatsapp-image-2025-10-10-at-12.04.07.jpeg?fit=984%2C1230&ssl=1","jetpack_sharing_enabled":true,"jetpack_likes_enabled":true,"jetpack_shortlink":"https:\/\/wp.me\/p12djN-1lct","_links":{"self":[{"href":"https:\/\/www.lavras24horas.com.br\/portal\/wp-json\/wp\/v2\/posts\/319825","targetHints":{"allow":["GET"]}}],"collection":[{"href":"https:\/\/www.lavras24horas.com.br\/portal\/wp-json\/wp\/v2\/posts"}],"about":[{"href":"https:\/\/www.lavras24horas.com.br\/portal\/wp-json\/wp\/v2\/types\/post"}],"author":[{"embeddable":true,"href":"https:\/\/www.lavras24horas.com.br\/portal\/wp-json\/wp\/v2\/users\/20"}],"replies":[{"embeddable":true,"href":"https:\/\/www.lavras24horas.com.br\/portal\/wp-json\/wp\/v2\/comments?post=319825"}],"version-history":[{"count":1,"href":"https:\/\/www.lavras24horas.com.br\/portal\/wp-json\/wp\/v2\/posts\/319825\/revisions"}],"predecessor-version":[{"id":319826,"href":"https:\/\/www.lavras24horas.com.br\/portal\/wp-json\/wp\/v2\/posts\/319825\/revisions\/319826"}],"wp:featuredmedia":[{"embeddable":true,"href":"https:\/\/www.lavras24horas.com.br\/portal\/wp-json\/wp\/v2\/media\/319824"}],"wp:attachment":[{"href":"https:\/\/www.lavras24horas.com.br\/portal\/wp-json\/wp\/v2\/media?parent=319825"}],"wp:term":[{"taxonomy":"category","embeddable":true,"href":"https:\/\/www.lavras24horas.com.br\/portal\/wp-json\/wp\/v2\/categories?post=319825"},{"taxonomy":"post_tag","embeddable":true,"href":"https:\/\/www.lavras24horas.com.br\/portal\/wp-json\/wp\/v2\/tags?post=319825"}],"curies":[{"name":"wp","href":"https:\/\/api.w.org\/{rel}","templated":true}]}}