{"id":319331,"date":"2026-02-24T18:50:55","date_gmt":"2026-02-24T21:50:55","guid":{"rendered":"https:\/\/www.lavras24horas.com.br\/portal\/?p=319331"},"modified":"2026-02-24T18:50:55","modified_gmt":"2026-02-24T21:50:55","slug":"escola-estadual-cinira-carvalho-abre-matriculas-para-ensino-medio-profissional-em-administracao","status":"publish","type":"post","link":"https:\/\/www.lavras24horas.com.br\/portal\/escola-estadual-cinira-carvalho-abre-matriculas-para-ensino-medio-profissional-em-administracao\/","title":{"rendered":"Escola Estadual Cinira Carvalho abre matr\u00edculas para Ensino M\u00e9dio Profissional em Administra\u00e7\u00e3o"},"content":{"rendered":"\n<p>A Escola Estadual Cinira Carvalho, em Lavras, est\u00e1 com matr\u00edculas abertas para o 1\u00ba ano do Ensino M\u00e9dio Profissional na \u00e1rea de Administra\u00e7\u00e3o para o ano letivo de 2026. A iniciativa oferece aos estudantes a oportunidade de iniciar o Ensino M\u00e9dio j\u00e1 com forma\u00e7\u00e3o t\u00e9cnica e foco na prepara\u00e7\u00e3o para o mercado de trabalho.<\/p>\n\n\n\n<p>O curso inclui conte\u00fados voltados para gest\u00e3o, empreendedorismo, organiza\u00e7\u00e3o administrativa, al\u00e9m de desenvolver habilidades como trabalho em equipe, lideran\u00e7a e compet\u00eancias profissionais essenciais para o futuro dos jovens.<\/p>\n\n\n\n<p>De acordo com a escola, as vagas s\u00e3o limitadas e os interessados devem procurar a secretaria o quanto antes para obter informa\u00e7\u00f5es sobre documentos necess\u00e1rios e prazos de inscri\u00e7\u00e3o.<\/p>\n\n\n\n<figure class=\"wp-block-image size-large\"><img data-recalc-dims=\"1\" fetchpriority=\"high\" decoding=\"async\" width=\"452\" height=\"650\" data-attachment-id=\"319330\" data-permalink=\"https:\/\/www.lavras24horas.com.br\/portal\/7a2ffe50-4ab8-4fb6-907e-c0afcdaed1f7-jpg\/\" data-orig-file=\"https:\/\/i0.wp.com\/www.lavras24horas.com.br\/portal\/wp-content\/uploads\/2026\/02\/7a2ffe50-4ab8-4fb6-907e-c0afcdaed1f7.jpg?fit=1028%2C1477&amp;ssl=1\" data-orig-size=\"1028,1477\" data-comments-opened=\"0\" data-image-meta=\"{&quot;aperture&quot;:&quot;0&quot;,&quot;credit&quot;:&quot;&quot;,&quot;camera&quot;:&quot;&quot;,&quot;caption&quot;:&quot;&quot;,&quot;created_timestamp&quot;:&quot;0&quot;,&quot;copyright&quot;:&quot;&quot;,&quot;focal_length&quot;:&quot;0&quot;,&quot;iso&quot;:&quot;0&quot;,&quot;shutter_speed&quot;:&quot;0&quot;,&quot;title&quot;:&quot;&quot;,&quot;orientation&quot;:&quot;1&quot;}\" data-image-title=\"7a2ffe50-4ab8-4fb6-907e-c0afcdaed1f7.jpg\" data-image-description=\"\" data-image-caption=\"\" data-large-file=\"https:\/\/i0.wp.com\/www.lavras24horas.com.br\/portal\/wp-content\/uploads\/2026\/02\/7a2ffe50-4ab8-4fb6-907e-c0afcdaed1f7.jpg?fit=452%2C650&amp;ssl=1\" src=\"https:\/\/i0.wp.com\/www.lavras24horas.com.br\/portal\/wp-content\/uploads\/2026\/02\/7a2ffe50-4ab8-4fb6-907e-c0afcdaed1f7.jpg?resize=452%2C650&#038;ssl=1\" class=\"wp-image-319330\" srcset=\"https:\/\/i0.wp.com\/www.lavras24horas.com.br\/portal\/wp-content\/uploads\/2026\/02\/7a2ffe50-4ab8-4fb6-907e-c0afcdaed1f7.jpg?resize=452%2C650&amp;ssl=1 452w, https:\/\/i0.wp.com\/www.lavras24horas.com.br\/portal\/wp-content\/uploads\/2026\/02\/7a2ffe50-4ab8-4fb6-907e-c0afcdaed1f7.jpg?resize=768%2C1103&amp;ssl=1 768w, https:\/\/i0.wp.com\/www.lavras24horas.com.br\/portal\/wp-content\/uploads\/2026\/02\/7a2ffe50-4ab8-4fb6-907e-c0afcdaed1f7.jpg?w=1028&amp;ssl=1 1028w\" sizes=\"(max-width: 452px) 100vw, 452px\" \/><\/figure>\n\n\n\n<p>A proposta busca incentivar a qualifica\u00e7\u00e3o dos estudantes e ampliar as chances de inser\u00e7\u00e3o no mundo do trabalho desde a educa\u00e7\u00e3o b\u00e1sica. Mais informa\u00e7\u00f5es podem ser obtidas diretamente na unidade escolar.<\/p>\n","protected":false},"excerpt":{"rendered":"<p>A Escola Estadual Cinira Carvalho, em Lavras, est\u00e1 com matr\u00edculas abertas para o 1\u00ba ano do Ensino M\u00e9dio Profissional na \u00e1rea de Administra\u00e7\u00e3o para o ano letivo de 2026. A iniciativa oferece aos estudantes a oportunidade de iniciar o Ensino M\u00e9dio j\u00e1 com forma\u00e7\u00e3o t\u00e9cnica e foco na prepara\u00e7\u00e3o para o mercado de trabalho. O [&hellip;]<\/p>\n","protected":false},"author":7,"featured_media":319329,"comment_status":"closed","ping_status":"closed","sticky":false,"template":"","format":"standard","meta":{"advanced_seo_description":"","jetpack_seo_html_title":"","jetpack_seo_noindex":false,"_jetpack_memberships_contains_paid_content":false,"footnotes":""},"categories":[4],"tags":[7478,31323,10667,1119,31325,8034,23682,31324,31322,6785],"class_list":["post-319331","post","type-post","status-publish","format-standard","has-post-thumbnail","hentry","category-lavras","tag-administrativa","tag-competencias_profissionais","tag-empreendedorismo","tag-gestao","tag-insercao_no_mercado_de_trabalho","tag-lideranca","tag-profissionalizacao","tag-qualificacao_estudante","tag-trabalho_em_equipe","tag-trilha"],"jetpack_featured_media_url":"https:\/\/i0.wp.com\/www.lavras24horas.com.br\/portal\/wp-content\/uploads\/2026\/02\/fe152ba0-d7db-4d2e-acf5-66d7a3e7ae4b.jpg?fit=1562%2C755&ssl=1","jetpack_sharing_enabled":true,"jetpack_likes_enabled":true,"_links":{"self":[{"href":"https:\/\/www.lavras24horas.com.br\/portal\/wp-json\/wp\/v2\/posts\/319331","targetHints":{"allow":["GET"]}}],"collection":[{"href":"https:\/\/www.lavras24horas.com.br\/portal\/wp-json\/wp\/v2\/posts"}],"about":[{"href":"https:\/\/www.lavras24horas.com.br\/portal\/wp-json\/wp\/v2\/types\/post"}],"author":[{"embeddable":true,"href":"https:\/\/www.lavras24horas.com.br\/portal\/wp-json\/wp\/v2\/users\/7"}],"replies":[{"embeddable":true,"href":"https:\/\/www.lavras24horas.com.br\/portal\/wp-json\/wp\/v2\/comments?post=319331"}],"version-history":[{"count":1,"href":"https:\/\/www.lavras24horas.com.br\/portal\/wp-json\/wp\/v2\/posts\/319331\/revisions"}],"predecessor-version":[{"id":319332,"href":"https:\/\/www.lavras24horas.com.br\/portal\/wp-json\/wp\/v2\/posts\/319331\/revisions\/319332"}],"wp:featuredmedia":[{"embeddable":true,"href":"https:\/\/www.lavras24horas.com.br\/portal\/wp-json\/wp\/v2\/media\/319329"}],"wp:attachment":[{"href":"https:\/\/www.lavras24horas.com.br\/portal\/wp-json\/wp\/v2\/media?parent=319331"}],"wp:term":[{"taxonomy":"category","embeddable":true,"href":"https:\/\/www.lavras24horas.com.br\/portal\/wp-json\/wp\/v2\/categories?post=319331"},{"taxonomy":"post_tag","embeddable":true,"href":"https:\/\/www.lavras24horas.com.br\/portal\/wp-json\/wp\/v2\/tags?post=319331"}],"curies":[{"name":"wp","href":"https:\/\/api.w.org\/{rel}","templated":true}]}}