{"id":317733,"date":"2026-01-30T17:49:31","date_gmt":"2026-01-30T20:49:31","guid":{"rendered":"https:\/\/www.lavras24horas.com.br\/portal\/?p=317733"},"modified":"2026-01-30T17:49:49","modified_gmt":"2026-01-30T20:49:49","slug":"oficial-lavrense-alerrandro-e-anunciado-como-novo-reforco-do-internacional","status":"publish","type":"post","link":"https:\/\/www.lavras24horas.com.br\/portal\/oficial-lavrense-alerrandro-e-anunciado-como-novo-reforco-do-internacional\/","title":{"rendered":"Oficial: Lavrense Alerrandro \u00e9 Anunciado como Novo Refor\u00e7o do Internacional"},"content":{"rendered":"\n<p>O atacante Alerrandro, natural de Lavras (MG), foi oficialmente anunciado pelo Internacional como novo refor\u00e7o para o setor ofensivo nesta temporada.<br>\u2800<br>O jogador retorna ao futebol brasileiro ap\u00f3s passagem pelo CSKA Moscou, da R\u00fassia, e chega ao Colorado com a miss\u00e3o de fortalecer o ataque em um ano de calend\u00e1rio cheio e alta exig\u00eancia competitiva. O acordo foi fechado ap\u00f3s avan\u00e7o nas negocia\u00e7\u00f5es nos \u00faltimos dias e j\u00e1 conta com aval da comiss\u00e3o t\u00e9cnica.<br>\u2800<br>Alerrandro ganhou proje\u00e7\u00e3o nacional ao se destacar no Campeonato Brasileiro, onde terminou como artilheiro da competi\u00e7\u00e3o, desempenho que o levou ao futebol europeu. Apesar da expectativa criada no exterior, o atacante n\u00e3o conseguiu repetir o mesmo rendimento, o que facilitou o retorno ao Brasil.<br>\u2800<br>No Internacional, a diretoria aposta no potencial de recupera\u00e7\u00e3o t\u00e9cnica do jogador, que chega como op\u00e7\u00e3o de for\u00e7a f\u00edsica, presen\u00e7a de \u00e1rea e finaliza\u00e7\u00e3o, caracter\u00edsticas consideradas essenciais para o modelo de jogo da equipe em 2026.<br>\u2800<br>A contrata\u00e7\u00e3o tamb\u00e9m representa um marco importante para Lavras, que volta a ter um atleta formado na cidade vestindo a camisa de um dos clubes mais tradicionais do pa\u00eds. A expectativa da torcida colorada \u00e9 de que Alerrandro reencontre seu melhor futebol e contribua diretamente na briga por t\u00edtulos.<br>\u2800<br>O atacante j\u00e1 se apresentou ao clube e deve iniciar os trabalhos com o elenco nos pr\u00f3ximos dias.<br>\u2800<br>Fonte: Internacional \/ imprensa esportiva nacional<\/p>\n","protected":false},"excerpt":{"rendered":"<p>O atacante Alerrandro, natural de Lavras (MG), foi oficialmente anunciado pelo Internacional como novo refor\u00e7o para o setor ofensivo nesta temporada.\u2800O jogador retorna ao futebol brasileiro ap\u00f3s passagem pelo CSKA Moscou, da R\u00fassia, e chega ao Colorado com a miss\u00e3o de fortalecer o ataque em um ano de calend\u00e1rio cheio e alta exig\u00eancia competitiva. O [&hellip;]<\/p>\n","protected":false},"author":20,"featured_media":317732,"comment_status":"closed","ping_status":"closed","sticky":false,"template":"","format":"standard","meta":{"advanced_seo_description":"","jetpack_seo_html_title":"","jetpack_seo_noindex":false,"_jetpack_memberships_contains_paid_content":false,"footnotes":""},"categories":[31036],"tags":[],"class_list":["post-317733","post","type-post","status-publish","format-standard","has-post-thumbnail","hentry","category-esportes"],"jetpack_featured_media_url":"https:\/\/i0.wp.com\/www.lavras24horas.com.br\/portal\/wp-content\/uploads\/2026\/01\/Screenshot_2026-01-30-17-44-42-499_cc.honista.app_.jpg?fit=1440%2C3200&ssl=1","jetpack_sharing_enabled":true,"jetpack_likes_enabled":true,"jetpack_shortlink":"https:\/\/wp.me\/p12djN-1kEJ","_links":{"self":[{"href":"https:\/\/www.lavras24horas.com.br\/portal\/wp-json\/wp\/v2\/posts\/317733","targetHints":{"allow":["GET"]}}],"collection":[{"href":"https:\/\/www.lavras24horas.com.br\/portal\/wp-json\/wp\/v2\/posts"}],"about":[{"href":"https:\/\/www.lavras24horas.com.br\/portal\/wp-json\/wp\/v2\/types\/post"}],"author":[{"embeddable":true,"href":"https:\/\/www.lavras24horas.com.br\/portal\/wp-json\/wp\/v2\/users\/20"}],"replies":[{"embeddable":true,"href":"https:\/\/www.lavras24horas.com.br\/portal\/wp-json\/wp\/v2\/comments?post=317733"}],"version-history":[{"count":1,"href":"https:\/\/www.lavras24horas.com.br\/portal\/wp-json\/wp\/v2\/posts\/317733\/revisions"}],"predecessor-version":[{"id":317734,"href":"https:\/\/www.lavras24horas.com.br\/portal\/wp-json\/wp\/v2\/posts\/317733\/revisions\/317734"}],"wp:featuredmedia":[{"embeddable":true,"href":"https:\/\/www.lavras24horas.com.br\/portal\/wp-json\/wp\/v2\/media\/317732"}],"wp:attachment":[{"href":"https:\/\/www.lavras24horas.com.br\/portal\/wp-json\/wp\/v2\/media?parent=317733"}],"wp:term":[{"taxonomy":"category","embeddable":true,"href":"https:\/\/www.lavras24horas.com.br\/portal\/wp-json\/wp\/v2\/categories?post=317733"},{"taxonomy":"post_tag","embeddable":true,"href":"https:\/\/www.lavras24horas.com.br\/portal\/wp-json\/wp\/v2\/tags?post=317733"}],"curies":[{"name":"wp","href":"https:\/\/api.w.org\/{rel}","templated":true}]}}