{"id":317724,"date":"2026-01-30T16:26:11","date_gmt":"2026-01-30T19:26:11","guid":{"rendered":"https:\/\/www.lavras24horas.com.br\/portal\/?p=317724"},"modified":"2026-01-30T16:26:22","modified_gmt":"2026-01-30T19:26:22","slug":"jogador-lavrense-alerrandro-esta-muito-proximo-de-voltar-ao-brasil-e-jogar-pelo-internacional-sc","status":"publish","type":"post","link":"https:\/\/www.lavras24horas.com.br\/portal\/jogador-lavrense-alerrandro-esta-muito-proximo-de-voltar-ao-brasil-e-jogar-pelo-internacional-sc\/","title":{"rendered":"Jogador lavrense Alerrandro, est\u00e1 muito pr\u00f3ximo de voltar ao Brasil e jogar pelo Internacional SC"},"content":{"rendered":"\n<p>O atacante Alerrandro, natural de Lavras (MG), est\u00e1 muito encaminhado para retornar ao futebol brasileiro e defender o Internacional na sequ\u00eancia da temporada.<br \/>\u2800<br \/>As negocia\u00e7\u00f5es entre o clube ga\u00facho e o CSKA Moscou avan\u00e7aram nos \u00faltimos dias, e o acordo est\u00e1 praticamente fechado. A tend\u00eancia \u00e9 que o jogador chegue ao Beira-Rio por empr\u00e9stimo, com cl\u00e1usulas que podem tornar a contrata\u00e7\u00e3o definitiva, dependendo de metas esportivas.<br \/>\u2800<br \/>Alerrandro deixou o Brasil ap\u00f3s grande destaque no Campeonato Brasileiro, onde terminou como artilheiro da competi\u00e7\u00e3o, desempenho que chamou a aten\u00e7\u00e3o do futebol europeu. No entanto, sua passagem pela R\u00fassia n\u00e3o teve o rendimento esperado, o que abriu caminho para um retorno r\u00e1pido ao pa\u00eds.<br \/>\u2800<br \/>No Internacional, o atacante chega para refor\u00e7ar um setor considerado carente por parte da torcida e da comiss\u00e3o t\u00e9cnica. A diretoria colorada v\u00ea em Alerrandro um jogador com for\u00e7a f\u00edsica, boa presen\u00e7a de \u00e1rea e potencial para retomar o alto n\u00edvel mostrado recentemente no futebol nacional.<br \/>\u2800<br \/>O acerto ainda depende de detalhes burocr\u00e1ticos e exames m\u00e9dicos, mas o desfecho \u00e9 tratado com otimismo por pessoas pr\u00f3ximas \u00e0 negocia\u00e7\u00e3o. O an\u00fancio oficial pode acontecer a qualquer momento.<br \/>\u2800<br \/>Para Lavras, a poss\u00edvel chegada de Alerrandro ao Internacional representa mais um cap\u00edtulo importante na trajet\u00f3ria do jogador, que segue levando o nome da cidade para um dos principais clubes do pa\u00eds.<\/p>\n","protected":false},"excerpt":{"rendered":"<p>O atacante Alerrandro, natural de Lavras (MG), est\u00e1 muito encaminhado para retornar ao futebol brasileiro e defender o Internacional na sequ\u00eancia da temporada.\u2800As negocia\u00e7\u00f5es entre o clube ga\u00facho e o CSKA Moscou avan\u00e7aram nos \u00faltimos dias, e o acordo est\u00e1 praticamente fechado. A tend\u00eancia \u00e9 que o jogador chegue ao Beira-Rio por empr\u00e9stimo, com cl\u00e1usulas [&hellip;]<\/p>\n","protected":false},"author":20,"featured_media":317723,"comment_status":"closed","ping_status":"closed","sticky":false,"template":"","format":"standard","meta":{"advanced_seo_description":"","jetpack_seo_html_title":"","jetpack_seo_noindex":false,"_jetpack_memberships_contains_paid_content":false,"footnotes":""},"categories":[31036],"tags":[],"class_list":["post-317724","post","type-post","status-publish","format-standard","has-post-thumbnail","hentry","category-esportes"],"jetpack_featured_media_url":"https:\/\/i0.wp.com\/www.lavras24horas.com.br\/portal\/wp-content\/uploads\/2026\/01\/images-10.jpeg?fit=496%2C619&ssl=1","jetpack_sharing_enabled":true,"jetpack_likes_enabled":true,"jetpack_shortlink":"https:\/\/wp.me\/p12djN-1kEA","_links":{"self":[{"href":"https:\/\/www.lavras24horas.com.br\/portal\/wp-json\/wp\/v2\/posts\/317724","targetHints":{"allow":["GET"]}}],"collection":[{"href":"https:\/\/www.lavras24horas.com.br\/portal\/wp-json\/wp\/v2\/posts"}],"about":[{"href":"https:\/\/www.lavras24horas.com.br\/portal\/wp-json\/wp\/v2\/types\/post"}],"author":[{"embeddable":true,"href":"https:\/\/www.lavras24horas.com.br\/portal\/wp-json\/wp\/v2\/users\/20"}],"replies":[{"embeddable":true,"href":"https:\/\/www.lavras24horas.com.br\/portal\/wp-json\/wp\/v2\/comments?post=317724"}],"version-history":[{"count":1,"href":"https:\/\/www.lavras24horas.com.br\/portal\/wp-json\/wp\/v2\/posts\/317724\/revisions"}],"predecessor-version":[{"id":317725,"href":"https:\/\/www.lavras24horas.com.br\/portal\/wp-json\/wp\/v2\/posts\/317724\/revisions\/317725"}],"wp:featuredmedia":[{"embeddable":true,"href":"https:\/\/www.lavras24horas.com.br\/portal\/wp-json\/wp\/v2\/media\/317723"}],"wp:attachment":[{"href":"https:\/\/www.lavras24horas.com.br\/portal\/wp-json\/wp\/v2\/media?parent=317724"}],"wp:term":[{"taxonomy":"category","embeddable":true,"href":"https:\/\/www.lavras24horas.com.br\/portal\/wp-json\/wp\/v2\/categories?post=317724"},{"taxonomy":"post_tag","embeddable":true,"href":"https:\/\/www.lavras24horas.com.br\/portal\/wp-json\/wp\/v2\/tags?post=317724"}],"curies":[{"name":"wp","href":"https:\/\/api.w.org\/{rel}","templated":true}]}}