{"id":315819,"date":"2025-12-27T18:46:23","date_gmt":"2025-12-27T21:46:23","guid":{"rendered":"https:\/\/www.lavras24horas.com.br\/portal\/?p=315819"},"modified":"2025-12-27T18:46:23","modified_gmt":"2025-12-27T21:46:23","slug":"especie-rara-pika-de-20-cm-corre-serio-risco-de-extincao","status":"publish","type":"post","link":"https:\/\/www.lavras24horas.com.br\/portal\/especie-rara-pika-de-20-cm-corre-serio-risco-de-extincao\/","title":{"rendered":"Esp\u00e9cie rara: pika de 20 cm corre s\u00e9rio risco de extin\u00e7\u00e3o"},"content":{"rendered":"\n<p>Uma pequena esp\u00e9cie de mam\u00edfero asi\u00e1tico, com pouco mais de 20 cent\u00edmetros de comprimento, tem chamado a aten\u00e7\u00e3o de cientistas pelo risco crescente de desaparecer nas pr\u00f3ximas d\u00e9cadas. Conhecida como pika-do-Ili, a esp\u00e9cie vive em regi\u00f5es montanhosas da China, em altitudes que podem chegar a cerca de 4 mil metros, onde enfrenta frio intenso e ar rarefeito.<\/p>\n\n\n\n<p>Discreta e raramente avistada, a pika-do-Ili ganhou o apelido de \u201cfantasma das montanhas\u201d justamente pela dificuldade de ser encontrada na natureza. Desde que foi identificada pela primeira vez, h\u00e1 poucas d\u00e9cadas, o n\u00famero de registros da esp\u00e9cie \u00e9 extremamente baixo, o que j\u00e1 indicava uma popula\u00e7\u00e3o reduzida.<\/p>\n\n\n\n<p>Pesquisadores apontam que o principal fator de amea\u00e7a atualmente s\u00e3o as mudan\u00e7as clim\u00e1ticas. O aumento das temperaturas tem reduzido as \u00e1reas frias e rochosas necess\u00e1rias para a sobreviv\u00eancia do animal, for\u00e7ando a esp\u00e9cie a ocupar regi\u00f5es cada vez mais altas e limitadas. Al\u00e9m disso, a fragmenta\u00e7\u00e3o do habitat e a baixa taxa de reprodu\u00e7\u00e3o agravam o cen\u00e1rio.<\/p>\n\n\n\n<p>Especialistas alertam que, sem medidas efetivas de conserva\u00e7\u00e3o e monitoramento, a pika-do-Ili pode desaparecer de forma silenciosa, sem que grande parte da popula\u00e7\u00e3o mundial sequer saiba de sua exist\u00eancia. O caso refor\u00e7a o impacto das altera\u00e7\u00f5es clim\u00e1ticas sobre esp\u00e9cies altamente adaptadas a ambientes extremos e acende um alerta para a preserva\u00e7\u00e3o da biodiversidade.<\/p>\n","protected":false},"excerpt":{"rendered":"<p>Uma pequena esp\u00e9cie de mam\u00edfero asi\u00e1tico, com pouco mais de 20 cent\u00edmetros de comprimento, tem chamado a aten\u00e7\u00e3o de cientistas pelo risco crescente de desaparecer nas pr\u00f3ximas d\u00e9cadas. Conhecida como pika-do-Ili, a esp\u00e9cie vive em regi\u00f5es montanhosas da China, em altitudes que podem chegar a cerca de 4 mil metros, onde enfrenta frio intenso e [&hellip;]<\/p>\n","protected":false},"author":7,"featured_media":315818,"comment_status":"closed","ping_status":"closed","sticky":false,"template":"","format":"standard","meta":{"advanced_seo_description":"","jetpack_seo_html_title":"","jetpack_seo_noindex":false,"_jetpack_memberships_contains_paid_content":false,"footnotes":""},"categories":[31047],"tags":[],"class_list":["post-315819","post","type-post","status-publish","format-standard","has-post-thumbnail","hentry","category-brasil"],"jetpack_featured_media_url":"https:\/\/i0.wp.com\/www.lavras24horas.com.br\/portal\/wp-content\/uploads\/2025\/12\/img_2450.jpg?fit=1080%2C1350&ssl=1","jetpack_sharing_enabled":true,"jetpack_likes_enabled":true,"jetpack_shortlink":"https:\/\/wp.me\/p12djN-1k9R","_links":{"self":[{"href":"https:\/\/www.lavras24horas.com.br\/portal\/wp-json\/wp\/v2\/posts\/315819","targetHints":{"allow":["GET"]}}],"collection":[{"href":"https:\/\/www.lavras24horas.com.br\/portal\/wp-json\/wp\/v2\/posts"}],"about":[{"href":"https:\/\/www.lavras24horas.com.br\/portal\/wp-json\/wp\/v2\/types\/post"}],"author":[{"embeddable":true,"href":"https:\/\/www.lavras24horas.com.br\/portal\/wp-json\/wp\/v2\/users\/7"}],"replies":[{"embeddable":true,"href":"https:\/\/www.lavras24horas.com.br\/portal\/wp-json\/wp\/v2\/comments?post=315819"}],"version-history":[{"count":1,"href":"https:\/\/www.lavras24horas.com.br\/portal\/wp-json\/wp\/v2\/posts\/315819\/revisions"}],"predecessor-version":[{"id":315820,"href":"https:\/\/www.lavras24horas.com.br\/portal\/wp-json\/wp\/v2\/posts\/315819\/revisions\/315820"}],"wp:featuredmedia":[{"embeddable":true,"href":"https:\/\/www.lavras24horas.com.br\/portal\/wp-json\/wp\/v2\/media\/315818"}],"wp:attachment":[{"href":"https:\/\/www.lavras24horas.com.br\/portal\/wp-json\/wp\/v2\/media?parent=315819"}],"wp:term":[{"taxonomy":"category","embeddable":true,"href":"https:\/\/www.lavras24horas.com.br\/portal\/wp-json\/wp\/v2\/categories?post=315819"},{"taxonomy":"post_tag","embeddable":true,"href":"https:\/\/www.lavras24horas.com.br\/portal\/wp-json\/wp\/v2\/tags?post=315819"}],"curies":[{"name":"wp","href":"https:\/\/api.w.org\/{rel}","templated":true}]}}