{"id":315706,"date":"2025-12-25T20:06:15","date_gmt":"2025-12-25T23:06:15","guid":{"rendered":"https:\/\/www.lavras24horas.com.br\/portal\/?p=315706"},"modified":"2025-12-25T20:06:15","modified_gmt":"2025-12-25T23:06:15","slug":"leao-calvo-e-real-assim-como-os-humanos-o-rei-da-selva-tambem-pode-ficar-careca","status":"publish","type":"post","link":"https:\/\/www.lavras24horas.com.br\/portal\/leao-calvo-e-real-assim-como-os-humanos-o-rei-da-selva-tambem-pode-ficar-careca\/","title":{"rendered":"Le\u00e3o calvo \u00e9 real: assim como os humanos, o rei da selva tamb\u00e9m pode ficar &#8220;careca&#8221;"},"content":{"rendered":"\n<p>Um le\u00e3o com a juba visivelmente rala no topo da cabe\u00e7a chamou aten\u00e7\u00e3o nas redes sociais e virou assunto entre internautas curiosos. A imagem, registrada durante um saf\u00e1ri na \u00c1frica, gerou compara\u00e7\u00f5es bem-humoradas com a calv\u00edcie humana \u2014 e, ao contr\u00e1rio do que muitos pensam, o fen\u00f4meno pode acontecer de verdade.<\/p>\n\n\n\n<p>Especialistas explicam que le\u00f5es n\u00e3o ficam carecas como humanos, mas podem apresentar redu\u00e7\u00e3o ou afinamento da juba ao longo do tempo. Isso pode estar ligado a fatores como envelhecimento, altera\u00e7\u00f5es hormonais, gen\u00e9tica, estresse ou at\u00e9 o clima da regi\u00e3o onde vivem. Em \u00e1reas mais quentes, por exemplo, a juba tende a ser naturalmente menos densa.<\/p>\n\n\n\n<p>A juba \u00e9 s\u00edmbolo de for\u00e7a e maturidade e costuma crescer mais cheia durante o auge reprodutivo do animal. Com o passar dos anos, \u00e9 comum que ela perca volume, criando um visual inusitado \u2014 e at\u00e9 engra\u00e7ado \u2014, mas totalmente natural.<\/p>\n\n\n\n<p>O registro viralizou justamente por mostrar que nem o \u201crei da selva\u201d escapa da a\u00e7\u00e3o do tempo, rendendo risadas e curiosidade, al\u00e9m de refor\u00e7ar que a natureza tamb\u00e9m tem suas vers\u00f5es inesperadas.<\/p>\n","protected":false},"excerpt":{"rendered":"<p>Um le\u00e3o com a juba visivelmente rala no topo da cabe\u00e7a chamou aten\u00e7\u00e3o nas redes sociais e virou assunto entre internautas curiosos. A imagem, registrada durante um saf\u00e1ri na \u00c1frica, gerou compara\u00e7\u00f5es bem-humoradas com a calv\u00edcie humana \u2014 e, ao contr\u00e1rio do que muitos pensam, o fen\u00f4meno pode acontecer de verdade. Especialistas explicam que le\u00f5es [&hellip;]<\/p>\n","protected":false},"author":7,"featured_media":315705,"comment_status":"closed","ping_status":"closed","sticky":false,"template":"","format":"standard","meta":{"advanced_seo_description":"","jetpack_seo_html_title":"","jetpack_seo_noindex":false,"_jetpack_memberships_contains_paid_content":false,"footnotes":""},"categories":[31047],"tags":[],"class_list":["post-315706","post","type-post","status-publish","format-standard","has-post-thumbnail","hentry","category-brasil"],"jetpack_featured_media_url":"https:\/\/i0.wp.com\/www.lavras24horas.com.br\/portal\/wp-content\/uploads\/2025\/12\/img_2320.jpg?fit=1536%2C864&ssl=1","jetpack_sharing_enabled":true,"jetpack_likes_enabled":true,"_links":{"self":[{"href":"https:\/\/www.lavras24horas.com.br\/portal\/wp-json\/wp\/v2\/posts\/315706","targetHints":{"allow":["GET"]}}],"collection":[{"href":"https:\/\/www.lavras24horas.com.br\/portal\/wp-json\/wp\/v2\/posts"}],"about":[{"href":"https:\/\/www.lavras24horas.com.br\/portal\/wp-json\/wp\/v2\/types\/post"}],"author":[{"embeddable":true,"href":"https:\/\/www.lavras24horas.com.br\/portal\/wp-json\/wp\/v2\/users\/7"}],"replies":[{"embeddable":true,"href":"https:\/\/www.lavras24horas.com.br\/portal\/wp-json\/wp\/v2\/comments?post=315706"}],"version-history":[{"count":1,"href":"https:\/\/www.lavras24horas.com.br\/portal\/wp-json\/wp\/v2\/posts\/315706\/revisions"}],"predecessor-version":[{"id":315707,"href":"https:\/\/www.lavras24horas.com.br\/portal\/wp-json\/wp\/v2\/posts\/315706\/revisions\/315707"}],"wp:featuredmedia":[{"embeddable":true,"href":"https:\/\/www.lavras24horas.com.br\/portal\/wp-json\/wp\/v2\/media\/315705"}],"wp:attachment":[{"href":"https:\/\/www.lavras24horas.com.br\/portal\/wp-json\/wp\/v2\/media?parent=315706"}],"wp:term":[{"taxonomy":"category","embeddable":true,"href":"https:\/\/www.lavras24horas.com.br\/portal\/wp-json\/wp\/v2\/categories?post=315706"},{"taxonomy":"post_tag","embeddable":true,"href":"https:\/\/www.lavras24horas.com.br\/portal\/wp-json\/wp\/v2\/tags?post=315706"}],"curies":[{"name":"wp","href":"https:\/\/api.w.org\/{rel}","templated":true}]}}