{"id":315114,"date":"2025-12-14T21:26:11","date_gmt":"2025-12-15T00:26:11","guid":{"rendered":"https:\/\/www.lavras24horas.com.br\/portal\/?p=315114"},"modified":"2025-12-14T21:26:11","modified_gmt":"2025-12-15T00:26:11","slug":"prefeitura-de-lavras-informa-interdicao-temporaria-de-transito-na-avenida-dr-silvio-menicucci","status":"publish","type":"post","link":"https:\/\/www.lavras24horas.com.br\/portal\/prefeitura-de-lavras-informa-interdicao-temporaria-de-transito-na-avenida-dr-silvio-menicucci\/","title":{"rendered":"Prefeitura de Lavras informa interdi\u00e7\u00e3o tempor\u00e1ria de tr\u00e2nsito na Avenida Dr. S\u00edlvio Menicucci"},"content":{"rendered":"\n<p>A Prefeitura de Lavras informou que haver\u00e1 interdi\u00e7\u00e3o tempor\u00e1ria do tr\u00e2nsito em dois trechos da Avenida Dr. S\u00edlvio Menicucci, conhecida como Avenida Perimetral, para a execu\u00e7\u00e3o de obras de conten\u00e7\u00e3o.<\/p>\n\n\n\n<p>De acordo com o Governo de Lavras, a interdi\u00e7\u00e3o ocorrer\u00e1 no trecho compreendido entre a Rua Nair Ver\u00f4nica de Jesus e a Rua Maur\u00edcio Andrade Rezende, em ambos os sentidos da via. O in\u00edcio est\u00e1 previsto para o dia 15 de dezembro de 2025.<\/p>\n\n\n\n<p>A medida, segundo a administra\u00e7\u00e3o municipal, \u00e9 necess\u00e1ria para garantir a seguran\u00e7a dos trabalhadores envolvidos na obra, bem como de motoristas e pedestres que circulam pelo local. A interven\u00e7\u00e3o tamb\u00e9m \u00e9 considerada fundamental para assegurar a estabilidade da via e a seguran\u00e7a da popula\u00e7\u00e3o.<\/p>\n\n\n\n<p>Durante o per\u00edodo de interdi\u00e7\u00e3o, a Secretaria Municipal de Seguran\u00e7a P\u00fablica, Tr\u00e2nsito e Mobilidade Urbana ficar\u00e1 respons\u00e1vel pela sinaliza\u00e7\u00e3o adequada da \u00e1rea e pela orienta\u00e7\u00e3o aos condutores, com indica\u00e7\u00e3o de rotas alternativas para minimizar transtornos no tr\u00e1fego.<\/p>\n\n\n\n<p>A Prefeitura de Lavras pede a compreens\u00e3o da popula\u00e7\u00e3o e refor\u00e7a que a interven\u00e7\u00e3o ser\u00e1 tempor\u00e1ria, destacando que as obras fazem parte dos esfor\u00e7os para a melhoria da infraestrutura urbana do munic\u00edpio.<\/p>\n\n\n\n<p>IMAGEM ILUSTRATIVA<\/p>\n","protected":false},"excerpt":{"rendered":"<p>A Prefeitura de Lavras informou que haver\u00e1 interdi\u00e7\u00e3o tempor\u00e1ria do tr\u00e2nsito em dois trechos da Avenida Dr. S\u00edlvio Menicucci, conhecida como Avenida Perimetral, para a execu\u00e7\u00e3o de obras de conten\u00e7\u00e3o. De acordo com o Governo de Lavras, a interdi\u00e7\u00e3o ocorrer\u00e1 no trecho compreendido entre a Rua Nair Ver\u00f4nica de Jesus e a Rua Maur\u00edcio Andrade [&hellip;]<\/p>\n","protected":false},"author":7,"featured_media":315113,"comment_status":"closed","ping_status":"closed","sticky":false,"template":"","format":"standard","meta":{"advanced_seo_description":"","jetpack_seo_html_title":"","jetpack_seo_noindex":false,"_jetpack_memberships_contains_paid_content":false,"footnotes":""},"categories":[4],"tags":[],"class_list":["post-315114","post","type-post","status-publish","format-standard","has-post-thumbnail","hentry","category-lavras"],"jetpack_featured_media_url":"https:\/\/i0.wp.com\/www.lavras24horas.com.br\/portal\/wp-content\/uploads\/2025\/12\/img_1643.jpg?fit=638%2C480&ssl=1","jetpack_sharing_enabled":true,"jetpack_likes_enabled":true,"_links":{"self":[{"href":"https:\/\/www.lavras24horas.com.br\/portal\/wp-json\/wp\/v2\/posts\/315114","targetHints":{"allow":["GET"]}}],"collection":[{"href":"https:\/\/www.lavras24horas.com.br\/portal\/wp-json\/wp\/v2\/posts"}],"about":[{"href":"https:\/\/www.lavras24horas.com.br\/portal\/wp-json\/wp\/v2\/types\/post"}],"author":[{"embeddable":true,"href":"https:\/\/www.lavras24horas.com.br\/portal\/wp-json\/wp\/v2\/users\/7"}],"replies":[{"embeddable":true,"href":"https:\/\/www.lavras24horas.com.br\/portal\/wp-json\/wp\/v2\/comments?post=315114"}],"version-history":[{"count":1,"href":"https:\/\/www.lavras24horas.com.br\/portal\/wp-json\/wp\/v2\/posts\/315114\/revisions"}],"predecessor-version":[{"id":315115,"href":"https:\/\/www.lavras24horas.com.br\/portal\/wp-json\/wp\/v2\/posts\/315114\/revisions\/315115"}],"wp:featuredmedia":[{"embeddable":true,"href":"https:\/\/www.lavras24horas.com.br\/portal\/wp-json\/wp\/v2\/media\/315113"}],"wp:attachment":[{"href":"https:\/\/www.lavras24horas.com.br\/portal\/wp-json\/wp\/v2\/media?parent=315114"}],"wp:term":[{"taxonomy":"category","embeddable":true,"href":"https:\/\/www.lavras24horas.com.br\/portal\/wp-json\/wp\/v2\/categories?post=315114"},{"taxonomy":"post_tag","embeddable":true,"href":"https:\/\/www.lavras24horas.com.br\/portal\/wp-json\/wp\/v2\/tags?post=315114"}],"curies":[{"name":"wp","href":"https:\/\/api.w.org\/{rel}","templated":true}]}}