{"id":314533,"date":"2025-12-01T18:49:26","date_gmt":"2025-12-01T21:49:26","guid":{"rendered":"https:\/\/www.lavras24horas.com.br\/portal\/?p=314533"},"modified":"2025-12-01T18:49:26","modified_gmt":"2025-12-01T21:49:26","slug":"2a-corrida-da-policia-civil-reune-mais-de-700-atletas-e-movimenta-manha-esportiva-em-lavras","status":"publish","type":"post","link":"https:\/\/www.lavras24horas.com.br\/portal\/2a-corrida-da-policia-civil-reune-mais-de-700-atletas-e-movimenta-manha-esportiva-em-lavras\/","title":{"rendered":"2\u00aa Corrida da Pol\u00edcia Civil re\u00fane mais de 700 atletas e movimenta manh\u00e3 esportiva em Lavras"},"content":{"rendered":"\n<p>Lavras viveu um domingo de forte integra\u00e7\u00e3o entre esporte e comunidade com a realiza\u00e7\u00e3o da 2\u00aa Corrida da Pol\u00edcia Civil da 1\u00aa Delegacia Regional de Lavras, evento que atraiu mais de 700 atletas e entusiastas. A competi\u00e7\u00e3o aconteceu no estacionamento do centro empresarial Lavras Garden, que ficou completamente tomado por participantes e apoiadores.<\/p>\n\n\n\n<p>A prova contou com percursos de 5 km e 10 km, al\u00e9m de uma caminhada de 5 km e da animada Corrida Kids, que levou dezenas de crian\u00e7as para a pista em clima de festa. Os atletas come\u00e7aram a chegar ainda \u00e0s 6h para abertura do evento e retirada dos chips de cronometragem.<\/p>\n\n\n\n<p>\u00c0s 7h45, profissionais da Academia Treino Fitness conduziram o aquecimento e o alongamento dos competidores. A largada oficial ocorreu \u00e0s 8h, em cerim\u00f4nia comandada pelo locutor esportivo Luciano de Paula, que animou o p\u00fablico durante toda a competi\u00e7\u00e3o.<\/p>\n\n\n\n<p>A organiza\u00e7\u00e3o foi elogiada pelos participantes pela estrutura, seguran\u00e7a e cumprimento rigoroso dos hor\u00e1rios. Ap\u00f3s a corrida, a manh\u00e3 seguiu com apresenta\u00e7\u00f5es e intera\u00e7\u00e3o entre atletas e comunidade, encerrando oficialmente ao meio-dia.<\/p>\n\n\n\n<p>A 2\u00aa Corrida da Pol\u00edcia Civil consolidou-se como um dos principais eventos esportivos da cidade, refor\u00e7ando a aproxima\u00e7\u00e3o entre institui\u00e7\u00e3o e popula\u00e7\u00e3o e incentivando h\u00e1bitos saud\u00e1veis por meio da pr\u00e1tica esportiva.<\/p>\n","protected":false},"excerpt":{"rendered":"<p>Lavras viveu um domingo de forte integra\u00e7\u00e3o entre esporte e comunidade com a realiza\u00e7\u00e3o da 2\u00aa Corrida da Pol\u00edcia Civil da 1\u00aa Delegacia Regional de Lavras, evento que atraiu mais de 700 atletas e entusiastas. A competi\u00e7\u00e3o aconteceu no estacionamento do centro empresarial Lavras Garden, que ficou completamente tomado por participantes e apoiadores. A prova [&hellip;]<\/p>\n","protected":false},"author":7,"featured_media":314532,"comment_status":"closed","ping_status":"closed","sticky":false,"template":"","format":"standard","meta":{"advanced_seo_description":"","jetpack_seo_html_title":"","jetpack_seo_noindex":false,"_jetpack_memberships_contains_paid_content":false,"footnotes":""},"categories":[4],"tags":[],"class_list":["post-314533","post","type-post","status-publish","format-standard","has-post-thumbnail","hentry","category-lavras"],"jetpack_featured_media_url":"https:\/\/i0.wp.com\/www.lavras24horas.com.br\/portal\/wp-content\/uploads\/2025\/12\/img_0802.jpg?fit=1080%2C1350&ssl=1","jetpack_sharing_enabled":true,"jetpack_likes_enabled":true,"jetpack_shortlink":"https:\/\/wp.me\/p12djN-1jP7","_links":{"self":[{"href":"https:\/\/www.lavras24horas.com.br\/portal\/wp-json\/wp\/v2\/posts\/314533","targetHints":{"allow":["GET"]}}],"collection":[{"href":"https:\/\/www.lavras24horas.com.br\/portal\/wp-json\/wp\/v2\/posts"}],"about":[{"href":"https:\/\/www.lavras24horas.com.br\/portal\/wp-json\/wp\/v2\/types\/post"}],"author":[{"embeddable":true,"href":"https:\/\/www.lavras24horas.com.br\/portal\/wp-json\/wp\/v2\/users\/7"}],"replies":[{"embeddable":true,"href":"https:\/\/www.lavras24horas.com.br\/portal\/wp-json\/wp\/v2\/comments?post=314533"}],"version-history":[{"count":1,"href":"https:\/\/www.lavras24horas.com.br\/portal\/wp-json\/wp\/v2\/posts\/314533\/revisions"}],"predecessor-version":[{"id":314534,"href":"https:\/\/www.lavras24horas.com.br\/portal\/wp-json\/wp\/v2\/posts\/314533\/revisions\/314534"}],"wp:featuredmedia":[{"embeddable":true,"href":"https:\/\/www.lavras24horas.com.br\/portal\/wp-json\/wp\/v2\/media\/314532"}],"wp:attachment":[{"href":"https:\/\/www.lavras24horas.com.br\/portal\/wp-json\/wp\/v2\/media?parent=314533"}],"wp:term":[{"taxonomy":"category","embeddable":true,"href":"https:\/\/www.lavras24horas.com.br\/portal\/wp-json\/wp\/v2\/categories?post=314533"},{"taxonomy":"post_tag","embeddable":true,"href":"https:\/\/www.lavras24horas.com.br\/portal\/wp-json\/wp\/v2\/tags?post=314533"}],"curies":[{"name":"wp","href":"https:\/\/api.w.org\/{rel}","templated":true}]}}