{"id":314515,"date":"2025-12-01T13:58:24","date_gmt":"2025-12-01T16:58:24","guid":{"rendered":"https:\/\/www.lavras24horas.com.br\/portal\/?p=314515"},"modified":"2025-12-01T13:58:24","modified_gmt":"2025-12-01T16:58:24","slug":"ufla-deve-ter-vagas-exclusivas-para-pessoas-trans-o-que-voce-pensa-sobre-essa-medida","status":"publish","type":"post","link":"https:\/\/www.lavras24horas.com.br\/portal\/ufla-deve-ter-vagas-exclusivas-para-pessoas-trans-o-que-voce-pensa-sobre-essa-medida\/","title":{"rendered":"UFLA deve ter vagas exclusivas para pessoas trans? O que voc\u00ea pensa sobre essa medida?"},"content":{"rendered":"<p style=\"text-align: justify;\" data-start=\"134\" data-end=\"725\">A abertura do Processo Seletivo exclusivo para travestis, transexuais e transg\u00eaneros na Universidade Federal de Lavras (UFLA), com inscri\u00e7\u00f5es entre 1\u00ba e 19 de dezembro para ingresso no primeiro semestre de 2026, gerou intensa divis\u00e3o de opini\u00f5es. A medida cria <strong data-start=\"395\" data-end=\"432\">uma vaga supranumer\u00e1ria por curso<\/strong>, sem retirar vagas do sistema universal, e utiliza exclusivamente a nota do Enem como crit\u00e9rio de sele\u00e7\u00e3o. Para participar, \u00e9 necess\u00e1rio ter feito o Enem entre 2009 e 2024, n\u00e3o ter zerado a reda\u00e7\u00e3o, ter conclu\u00eddo o ensino m\u00e9dio em escola p\u00fablica e realizar autodeclara\u00e7\u00e3o no ato da matr\u00edcula.<\/p>\n<p style=\"text-align: justify;\" data-start=\"727\" data-end=\"1257\">De um lado, apoiadores defendem que negar ou dificultar o acesso de pessoas trans ao ensino superior \u00e9 negar um direito fundamental. Afirmam que, historicamente exclu\u00eddo, esse grupo enfrenta barreiras que v\u00e3o desde expuls\u00e3o escolar at\u00e9 subempregos e prostitui\u00e7\u00e3o compuls\u00f3ria, n\u00e3o por escolha, mas por falta de oportunidades. Para eles, garantir pol\u00edticas espec\u00edficas \u00e9 oferecer dignidade, autonomia e um caminho real de futuro. Refor\u00e7am tamb\u00e9m que as vagas s\u00e3o adicionais, e n\u00e3o representam perda de espa\u00e7o para outros candidatos.<\/p>\n<p style=\"text-align: justify;\" data-start=\"1259\" data-end=\"1751\">Do outro lado, cr\u00edticos questionam a necessidade da medida e alegam que o ingresso no ensino superior estaria deixando de ser pautado pelo m\u00e9rito para se tornar dependente de crit\u00e9rios identit\u00e1rios. Alguns afirmam que considerar pessoas trans como incapazes de competir igualmente refor\u00e7aria estere\u00f3tipos, enquanto outros ironizam, dizendo que \u201ca pr\u00f3xima cota ser\u00e1 para quem se identifica como um coala\u201d. Para esse grupo, a pol\u00edtica seria excessiva e discriminat\u00f3ria com candidatos n\u00e3o trans.<\/p>\n<p style=\"text-align: justify;\" data-start=\"1753\" data-end=\"2052\" data-is-last-node=\"\" data-is-only-node=\"\">A UFLA declara que as vagas s\u00e3o fruto de um trabalho iniciado em 2023 para ampliar a\u00e7\u00f5es afirmativas e enfrentar desigualdades hist\u00f3ricas. Independentemente das opini\u00f5es, a medida reacendeu discuss\u00f5es sobre inclus\u00e3o, m\u00e9rito, igualdade e o papel das universidades na redu\u00e7\u00e3o de desigualdades sociais.<\/p>\n","protected":false},"excerpt":{"rendered":"<p>A abertura do Processo Seletivo exclusivo para travestis, transexuais e transg\u00eaneros na Universidade Federal de Lavras (UFLA), com inscri\u00e7\u00f5es entre 1\u00ba e 19 de dezembro para ingresso no primeiro semestre de 2026, gerou intensa divis\u00e3o de opini\u00f5es. A medida cria uma vaga supranumer\u00e1ria por curso, sem retirar vagas do sistema universal, e utiliza exclusivamente a [&hellip;]<\/p>\n","protected":false},"author":7,"featured_media":314516,"comment_status":"closed","ping_status":"closed","sticky":false,"template":"","format":"standard","meta":{"advanced_seo_description":"","jetpack_seo_html_title":"","jetpack_seo_noindex":false,"_jetpack_memberships_contains_paid_content":false,"footnotes":""},"categories":[4],"tags":[],"class_list":["post-314515","post","type-post","status-publish","format-standard","has-post-thumbnail","hentry","category-lavras"],"jetpack_featured_media_url":"https:\/\/i0.wp.com\/www.lavras24horas.com.br\/portal\/wp-content\/uploads\/2025\/12\/811bf2c01f4906f7209b3cd8b485c29e.jpg?fit=720%2C864&ssl=1","jetpack_sharing_enabled":true,"jetpack_likes_enabled":true,"_links":{"self":[{"href":"https:\/\/www.lavras24horas.com.br\/portal\/wp-json\/wp\/v2\/posts\/314515","targetHints":{"allow":["GET"]}}],"collection":[{"href":"https:\/\/www.lavras24horas.com.br\/portal\/wp-json\/wp\/v2\/posts"}],"about":[{"href":"https:\/\/www.lavras24horas.com.br\/portal\/wp-json\/wp\/v2\/types\/post"}],"author":[{"embeddable":true,"href":"https:\/\/www.lavras24horas.com.br\/portal\/wp-json\/wp\/v2\/users\/7"}],"replies":[{"embeddable":true,"href":"https:\/\/www.lavras24horas.com.br\/portal\/wp-json\/wp\/v2\/comments?post=314515"}],"version-history":[{"count":1,"href":"https:\/\/www.lavras24horas.com.br\/portal\/wp-json\/wp\/v2\/posts\/314515\/revisions"}],"predecessor-version":[{"id":314517,"href":"https:\/\/www.lavras24horas.com.br\/portal\/wp-json\/wp\/v2\/posts\/314515\/revisions\/314517"}],"wp:featuredmedia":[{"embeddable":true,"href":"https:\/\/www.lavras24horas.com.br\/portal\/wp-json\/wp\/v2\/media\/314516"}],"wp:attachment":[{"href":"https:\/\/www.lavras24horas.com.br\/portal\/wp-json\/wp\/v2\/media?parent=314515"}],"wp:term":[{"taxonomy":"category","embeddable":true,"href":"https:\/\/www.lavras24horas.com.br\/portal\/wp-json\/wp\/v2\/categories?post=314515"},{"taxonomy":"post_tag","embeddable":true,"href":"https:\/\/www.lavras24horas.com.br\/portal\/wp-json\/wp\/v2\/tags?post=314515"}],"curies":[{"name":"wp","href":"https:\/\/api.w.org\/{rel}","templated":true}]}}