{"id":314399,"date":"2025-11-28T13:24:17","date_gmt":"2025-11-28T16:24:17","guid":{"rendered":"https:\/\/www.lavras24horas.com.br\/portal\/?p=314399"},"modified":"2025-11-28T13:24:17","modified_gmt":"2025-11-28T16:24:17","slug":"cameras-internas-podem-se-tornar-obrigatorias-em-carros-de-aplicativo-em-minas-projeto-avanca-na-almg","status":"publish","type":"post","link":"https:\/\/www.lavras24horas.com.br\/portal\/cameras-internas-podem-se-tornar-obrigatorias-em-carros-de-aplicativo-em-minas-projeto-avanca-na-almg\/","title":{"rendered":"C\u00e2meras internas podem se tornar obrigat\u00f3rias em carros de aplicativo em Minas; projeto avan\u00e7a na ALMG"},"content":{"rendered":"<p style=\"text-align: justify;\" data-start=\"108\" data-end=\"499\">A Assembleia Legislativa de Minas Gerais (ALMG) avan\u00e7ou, nesta ter\u00e7a-feira (25), na an\u00e1lise do <strong data-start=\"203\" data-end=\"232\">Projeto de Lei 3.470\/2025<\/strong>, que pode tornar <strong data-start=\"250\" data-end=\"298\">obrigat\u00f3ria a instala\u00e7\u00e3o de c\u00e2meras internas<\/strong> em ve\u00edculos utilizados por motoristas de aplicativo em todo o Estado. A Comiss\u00e3o de Constitui\u00e7\u00e3o e Justi\u00e7a aprovou o parecer de legalidade, e o texto segue agora para as pr\u00f3ximas etapas de tramita\u00e7\u00e3o.<\/p>\n<p style=\"text-align: justify;\" data-start=\"501\" data-end=\"832\">Proposto pelo deputado <strong data-start=\"524\" data-end=\"557\">Charles Santos (Republicanos)<\/strong>, o projeto altera a <strong data-start=\"578\" data-end=\"597\">Lei 25.003\/2024<\/strong>, que j\u00e1 prev\u00ea regras de seguran\u00e7a e tratamento de dados no transporte por aplicativo. A mudan\u00e7a inclui o <strong data-start=\"703\" data-end=\"733\">videomonitoramento interno<\/strong> como item obrigat\u00f3rio, medida defendida como forma de ampliar a prote\u00e7\u00e3o de usu\u00e1rios e condutores.<\/p>\n<p style=\"text-align: justify;\" data-start=\"834\" data-end=\"1173\">O relator, deputado <strong data-start=\"854\" data-end=\"875\">Thiago Cota (PDT)<\/strong>, apresentou um substitutivo que incorpora a exig\u00eancia diretamente na legisla\u00e7\u00e3o. Pelo texto, <strong data-start=\"969\" data-end=\"1071\">os custos de compra, instala\u00e7\u00e3o e manuten\u00e7\u00e3o das c\u00e2meras ficar\u00e3o totalmente a cargo dos motoristas<\/strong>, que hoje enfrentam valores que variam entre <strong data-start=\"1117\" data-end=\"1145\">R$ 72 e mais de R$ 1.000<\/strong>, dependendo do equipamento.<\/p>\n<p style=\"text-align: justify;\" data-start=\"1175\" data-end=\"1451\">Caso o PL seja aprovado, todos os carros cadastrados em aplicativos ter\u00e3o que possuir o dispositivo de grava\u00e7\u00e3o. A regulamenta\u00e7\u00e3o de detalhes \u2014 como padr\u00f5es de imagem, armazenamento, tempo de reten\u00e7\u00e3o e fiscaliza\u00e7\u00e3o \u2014 ser\u00e1 definida pelo Executivo estadual e pelas prefeituras.<\/p>\n<p style=\"text-align: justify;\" data-start=\"1453\" data-end=\"1862\" data-is-last-node=\"\" data-is-only-node=\"\">O projeto ainda passar\u00e1 por outras comiss\u00f5es antes de ir ao plen\u00e1rio, onde ser\u00e1 avaliado em 1\u00ba e 2\u00ba turno. Depois disso, seguir\u00e1 para san\u00e7\u00e3o ou veto do governador. A proposta j\u00e1 mobiliza discuss\u00f5es sobre <strong data-start=\"1657\" data-end=\"1699\">seguran\u00e7a no transporte por aplicativo<\/strong> e, ao mesmo tempo, sobre a <strong data-start=\"1727\" data-end=\"1790\">crescente carga financeira imposta aos motoristas aut\u00f4nomos<\/strong>, que afirmam n\u00e3o ter condi\u00e7\u00f5es de absorver novas despesas obrigat\u00f3rias.<\/p>\n","protected":false},"excerpt":{"rendered":"<p>A Assembleia Legislativa de Minas Gerais (ALMG) avan\u00e7ou, nesta ter\u00e7a-feira (25), na an\u00e1lise do Projeto de Lei 3.470\/2025, que pode tornar obrigat\u00f3ria a instala\u00e7\u00e3o de c\u00e2meras internas em ve\u00edculos utilizados por motoristas de aplicativo em todo o Estado. A Comiss\u00e3o de Constitui\u00e7\u00e3o e Justi\u00e7a aprovou o parecer de legalidade, e o texto segue agora para [&hellip;]<\/p>\n","protected":false},"author":7,"featured_media":314400,"comment_status":"closed","ping_status":"closed","sticky":false,"template":"","format":"standard","meta":{"advanced_seo_description":"","jetpack_seo_html_title":"","jetpack_seo_noindex":false,"_jetpack_memberships_contains_paid_content":false,"footnotes":""},"categories":[79],"tags":[],"class_list":["post-314399","post","type-post","status-publish","format-standard","has-post-thumbnail","hentry","category-regiao"],"jetpack_featured_media_url":"https:\/\/i0.wp.com\/www.lavras24horas.com.br\/portal\/wp-content\/uploads\/2025\/11\/4FEN3OAGTRGI3A4J5HVX2MA5EA.jpeg?fit=6720%2C4480&ssl=1","jetpack_sharing_enabled":true,"jetpack_likes_enabled":true,"_links":{"self":[{"href":"https:\/\/www.lavras24horas.com.br\/portal\/wp-json\/wp\/v2\/posts\/314399","targetHints":{"allow":["GET"]}}],"collection":[{"href":"https:\/\/www.lavras24horas.com.br\/portal\/wp-json\/wp\/v2\/posts"}],"about":[{"href":"https:\/\/www.lavras24horas.com.br\/portal\/wp-json\/wp\/v2\/types\/post"}],"author":[{"embeddable":true,"href":"https:\/\/www.lavras24horas.com.br\/portal\/wp-json\/wp\/v2\/users\/7"}],"replies":[{"embeddable":true,"href":"https:\/\/www.lavras24horas.com.br\/portal\/wp-json\/wp\/v2\/comments?post=314399"}],"version-history":[{"count":1,"href":"https:\/\/www.lavras24horas.com.br\/portal\/wp-json\/wp\/v2\/posts\/314399\/revisions"}],"predecessor-version":[{"id":314401,"href":"https:\/\/www.lavras24horas.com.br\/portal\/wp-json\/wp\/v2\/posts\/314399\/revisions\/314401"}],"wp:featuredmedia":[{"embeddable":true,"href":"https:\/\/www.lavras24horas.com.br\/portal\/wp-json\/wp\/v2\/media\/314400"}],"wp:attachment":[{"href":"https:\/\/www.lavras24horas.com.br\/portal\/wp-json\/wp\/v2\/media?parent=314399"}],"wp:term":[{"taxonomy":"category","embeddable":true,"href":"https:\/\/www.lavras24horas.com.br\/portal\/wp-json\/wp\/v2\/categories?post=314399"},{"taxonomy":"post_tag","embeddable":true,"href":"https:\/\/www.lavras24horas.com.br\/portal\/wp-json\/wp\/v2\/tags?post=314399"}],"curies":[{"name":"wp","href":"https:\/\/api.w.org\/{rel}","templated":true}]}}