{"id":312920,"date":"2025-11-04T10:56:54","date_gmt":"2025-11-04T13:56:54","guid":{"rendered":"https:\/\/www.lavras24horas.com.br\/portal\/?p=312920"},"modified":"2025-11-04T10:56:54","modified_gmt":"2025-11-04T13:56:54","slug":"falou-em-neutralizar-bandido-com-pedrada-e-acabou-virando-alvo-professora-da-uff-sofre-ameacas-e-culpa-nikolas-ferreira","status":"publish","type":"post","link":"https:\/\/www.lavras24horas.com.br\/portal\/falou-em-neutralizar-bandido-com-pedrada-e-acabou-virando-alvo-professora-da-uff-sofre-ameacas-e-culpa-nikolas-ferreira\/","title":{"rendered":"Falou em neutralizar bandido com pedrada e acabou virando alvo \u2014 professora da UFF sofre amea\u00e7as e culpa Nikolas Ferreira"},"content":{"rendered":"<p style=\"text-align: justify;\">A professora e pesquisadora de Seguran\u00e7a P\u00fablica da Universidade Federal Fluminense (UFF), Jacqueline Muniz, denunciou ter sido alvo de amea\u00e7as e persegui\u00e7\u00e3o no \u00faltimo s\u00e1bado (1\u00ba), no Rio de Janeiro, ap\u00f3s criticar a megaopera\u00e7\u00e3o policial que resultou em 121 mortos nos Complexos da Penha e do Alem\u00e3o.<\/p>\n<p>Segundo relato da docente, ela foi fotografada sem consentimento quando se dirigia a um restaurante. As imagens foram divulgadas nas redes sociais com mensagens de \u00f3dio e incita\u00e7\u00e3o \u00e0 viol\u00eancia, como \u201cd\u00e1 uma pedrada nela\u201d. Desde ent\u00e3o, Muniz tem recebido uma enxurrada de ataques virtuais, muitos partindo de perfis ligados a parlamentares bolsonaristas.<\/p>\n<p>A professora atribui parte da mobiliza\u00e7\u00e3o de hostilidade a publica\u00e7\u00f5es de Nikolas Ferreira (PL-MG) e Gustavo Gayer (PL-GO), que criticaram suas declara\u00e7\u00f5es sobre a opera\u00e7\u00e3o. As postagens, segundo ela, estimularam persegui\u00e7\u00f5es e amea\u00e7as que colocaram sua integridade em risco. \u201cTransformaram uma cr\u00edtica t\u00e9cnica em alvo pol\u00edtico\u201d, disse.<\/p>\n<p>A UFF divulgou nota oficial em apoio \u00e0 docente, repudiando as amea\u00e7as e afirmando que acompanha o caso junto \u00e0s autoridades competentes. A institui\u00e7\u00e3o refor\u00e7ou seu compromisso com a liberdade acad\u00eamica e de express\u00e3o.<\/p>\n<p>Jacqueline pediu prote\u00e7\u00e3o ao Minist\u00e9rio da Justi\u00e7a e denunciou o caso \u00e0 Pol\u00edcia Civil e ao Minist\u00e9rio P\u00fablico. Ela afirmou que seguir\u00e1 defendendo o debate p\u00fablico sobre as a\u00e7\u00f5es policiais no Rio, mesmo diante das tentativas de intimida\u00e7\u00e3o.<\/p>\n","protected":false},"excerpt":{"rendered":"<p>A professora e pesquisadora de Seguran\u00e7a P\u00fablica da Universidade Federal Fluminense (UFF), Jacqueline Muniz, denunciou ter sido alvo de amea\u00e7as e persegui\u00e7\u00e3o no \u00faltimo s\u00e1bado (1\u00ba), no Rio de Janeiro, ap\u00f3s criticar a megaopera\u00e7\u00e3o policial que resultou em 121 mortos nos Complexos da Penha e do Alem\u00e3o. Segundo relato da docente, ela foi fotografada sem [&hellip;]<\/p>\n","protected":false},"author":7,"featured_media":312921,"comment_status":"closed","ping_status":"closed","sticky":false,"template":"","format":"standard","meta":{"advanced_seo_description":"","jetpack_seo_html_title":"","jetpack_seo_noindex":false,"_jetpack_memberships_contains_paid_content":false,"footnotes":""},"categories":[31047],"tags":[],"class_list":["post-312920","post","type-post","status-publish","format-standard","has-post-thumbnail","hentry","category-brasil"],"jetpack_featured_media_url":"https:\/\/i0.wp.com\/www.lavras24horas.com.br\/portal\/wp-content\/uploads\/2025\/11\/Design-sem-nome-1.jpg?fit=1080%2C1350&ssl=1","jetpack_sharing_enabled":true,"jetpack_likes_enabled":true,"_links":{"self":[{"href":"https:\/\/www.lavras24horas.com.br\/portal\/wp-json\/wp\/v2\/posts\/312920","targetHints":{"allow":["GET"]}}],"collection":[{"href":"https:\/\/www.lavras24horas.com.br\/portal\/wp-json\/wp\/v2\/posts"}],"about":[{"href":"https:\/\/www.lavras24horas.com.br\/portal\/wp-json\/wp\/v2\/types\/post"}],"author":[{"embeddable":true,"href":"https:\/\/www.lavras24horas.com.br\/portal\/wp-json\/wp\/v2\/users\/7"}],"replies":[{"embeddable":true,"href":"https:\/\/www.lavras24horas.com.br\/portal\/wp-json\/wp\/v2\/comments?post=312920"}],"version-history":[{"count":1,"href":"https:\/\/www.lavras24horas.com.br\/portal\/wp-json\/wp\/v2\/posts\/312920\/revisions"}],"predecessor-version":[{"id":312922,"href":"https:\/\/www.lavras24horas.com.br\/portal\/wp-json\/wp\/v2\/posts\/312920\/revisions\/312922"}],"wp:featuredmedia":[{"embeddable":true,"href":"https:\/\/www.lavras24horas.com.br\/portal\/wp-json\/wp\/v2\/media\/312921"}],"wp:attachment":[{"href":"https:\/\/www.lavras24horas.com.br\/portal\/wp-json\/wp\/v2\/media?parent=312920"}],"wp:term":[{"taxonomy":"category","embeddable":true,"href":"https:\/\/www.lavras24horas.com.br\/portal\/wp-json\/wp\/v2\/categories?post=312920"},{"taxonomy":"post_tag","embeddable":true,"href":"https:\/\/www.lavras24horas.com.br\/portal\/wp-json\/wp\/v2\/tags?post=312920"}],"curies":[{"name":"wp","href":"https:\/\/api.w.org\/{rel}","templated":true}]}}