{"id":312902,"date":"2025-11-03T20:54:47","date_gmt":"2025-11-03T23:54:47","guid":{"rendered":"https:\/\/www.lavras24horas.com.br\/portal\/?p=312902"},"modified":"2025-11-03T20:54:47","modified_gmt":"2025-11-03T23:54:47","slug":"briga-violenta-no-retiro-casal-vai-parar-no-hospital-e-acaba-preso-apos-troca-de-agressoes-em-lavras","status":"publish","type":"post","link":"https:\/\/www.lavras24horas.com.br\/portal\/briga-violenta-no-retiro-casal-vai-parar-no-hospital-e-acaba-preso-apos-troca-de-agressoes-em-lavras\/","title":{"rendered":"BRIGA VIOLENTA NO RETIRO | Casal vai parar no hospital e acaba preso ap\u00f3s troca de agress\u00f5es em Lavras"},"content":{"rendered":"\n<p class=\"p1\">Uma discuss\u00e3o entre um casal terminou em confus\u00e3o e sangue no bairro Retiro, em Lavras, na noite deste domingo. A Pol\u00edcia Militar foi acionada para atender uma ocorr\u00eancia de les\u00e3o corporal, e ao chegar ao local se deparou com um cen\u00e1rio de viol\u00eancia m\u00fatua.<\/p>\n\n\n\n<p class=\"p1\">Segundo informa\u00e7\u00f5es da PM, uma mulher de 31 anos e um homem de 40 anos come\u00e7aram a discutir dentro da resid\u00eancia, e o desentendimento rapidamente evoluiu para agress\u00f5es f\u00edsicas. A mulher foi atingida por socos no rosto, enquanto o homem sofreu ferimentos provocados por faca.<\/p>\n\n\n\n<p class=\"p1\">Os dois foram socorridos e encaminhados para uma unidade de sa\u00fade, onde receberam atendimento m\u00e9dico e foram liberados em seguida.<\/p>\n\n\n\n<p class=\"p1\">Diante da gravidade das agress\u00f5es, ambos foram presos em flagrante e encaminhados \u00e0 delegacia para as provid\u00eancias cab\u00edveis.<\/p>\n\n\n\n<p class=\"p1\">A Pol\u00edcia Militar refor\u00e7a que casos de viol\u00eancia dom\u00e9stica ou brigas conjugais podem ser denunciados por meio do 190 ou de forma an\u00f4nima pelo Disque Den\u00fancia 181.<\/p>\n","protected":false},"excerpt":{"rendered":"<p>Uma discuss\u00e3o entre um casal terminou em confus\u00e3o e sangue no bairro Retiro, em Lavras, na noite deste domingo. A Pol\u00edcia Militar foi acionada para atender uma ocorr\u00eancia de les\u00e3o corporal, e ao chegar ao local se deparou com um cen\u00e1rio de viol\u00eancia m\u00fatua. Segundo informa\u00e7\u00f5es da PM, uma mulher de 31 anos e um [&hellip;]<\/p>\n","protected":false},"author":7,"featured_media":312901,"comment_status":"closed","ping_status":"closed","sticky":false,"template":"","format":"standard","meta":{"advanced_seo_description":"","jetpack_seo_html_title":"","jetpack_seo_noindex":false,"_jetpack_memberships_contains_paid_content":false,"footnotes":""},"categories":[4],"tags":[],"class_list":["post-312902","post","type-post","status-publish","format-standard","has-post-thumbnail","hentry","category-lavras"],"jetpack_featured_media_url":"https:\/\/i0.wp.com\/www.lavras24horas.com.br\/portal\/wp-content\/uploads\/2025\/11\/img_8925.jpg?fit=1280%2C708&ssl=1","jetpack_sharing_enabled":true,"jetpack_likes_enabled":true,"jetpack_shortlink":"https:\/\/wp.me\/p12djN-1joO","_links":{"self":[{"href":"https:\/\/www.lavras24horas.com.br\/portal\/wp-json\/wp\/v2\/posts\/312902","targetHints":{"allow":["GET"]}}],"collection":[{"href":"https:\/\/www.lavras24horas.com.br\/portal\/wp-json\/wp\/v2\/posts"}],"about":[{"href":"https:\/\/www.lavras24horas.com.br\/portal\/wp-json\/wp\/v2\/types\/post"}],"author":[{"embeddable":true,"href":"https:\/\/www.lavras24horas.com.br\/portal\/wp-json\/wp\/v2\/users\/7"}],"replies":[{"embeddable":true,"href":"https:\/\/www.lavras24horas.com.br\/portal\/wp-json\/wp\/v2\/comments?post=312902"}],"version-history":[{"count":1,"href":"https:\/\/www.lavras24horas.com.br\/portal\/wp-json\/wp\/v2\/posts\/312902\/revisions"}],"predecessor-version":[{"id":312903,"href":"https:\/\/www.lavras24horas.com.br\/portal\/wp-json\/wp\/v2\/posts\/312902\/revisions\/312903"}],"wp:featuredmedia":[{"embeddable":true,"href":"https:\/\/www.lavras24horas.com.br\/portal\/wp-json\/wp\/v2\/media\/312901"}],"wp:attachment":[{"href":"https:\/\/www.lavras24horas.com.br\/portal\/wp-json\/wp\/v2\/media?parent=312902"}],"wp:term":[{"taxonomy":"category","embeddable":true,"href":"https:\/\/www.lavras24horas.com.br\/portal\/wp-json\/wp\/v2\/categories?post=312902"},{"taxonomy":"post_tag","embeddable":true,"href":"https:\/\/www.lavras24horas.com.br\/portal\/wp-json\/wp\/v2\/tags?post=312902"}],"curies":[{"name":"wp","href":"https:\/\/api.w.org\/{rel}","templated":true}]}}