{"id":312373,"date":"2025-10-21T20:30:12","date_gmt":"2025-10-21T23:30:12","guid":{"rendered":"https:\/\/www.lavras24horas.com.br\/portal\/?p=312373"},"modified":"2025-10-21T20:30:12","modified_gmt":"2025-10-21T23:30:12","slug":"mineira-em-estado-vegetativo-retorna-dos-eua-em-uti-aerea-apos-mobilizacao-comovente-de-amigos-e-doacoes","status":"publish","type":"post","link":"https:\/\/www.lavras24horas.com.br\/portal\/mineira-em-estado-vegetativo-retorna-dos-eua-em-uti-aerea-apos-mobilizacao-comovente-de-amigos-e-doacoes\/","title":{"rendered":"Mineira em estado vegetativo retorna dos EUA em UTI a\u00e9rea ap\u00f3s mobiliza\u00e7\u00e3o comovente de amigos e doa\u00e7\u00f5es"},"content":{"rendered":"<p style=\"text-align: justify;\">Uma hist\u00f3ria de solidariedade e esperan\u00e7a marcou o retorno da mineira Fab\u00edola da Costa, de 32 anos, que voltou ao Brasil nesta segunda-feira (20) em uma UTI a\u00e9rea vinda dos Estados Unidos. Em estado vegetativo desde setembro de 2024, ap\u00f3s sofrer um mal s\u00fabito, Fab\u00edola conseguiu retornar ao pa\u00eds gra\u00e7as \u00e0 mobiliza\u00e7\u00e3o de amigos e familiares, que arrecadaram mais de R$ 500 mil em uma vaquinha virtual para custear o transporte m\u00e9dico internacional, avaliado em cerca de R$ 1 milh\u00e3o.<\/p>\n<p style=\"text-align: justify;\">O avi\u00e3o pousou no Aeroporto Regional da Zona da Mata, em Goian\u00e1 (MG), de onde a paciente foi levada para o Hospital Ana Nery, em Juiz de Fora, para dar continuidade ao tratamento e realizar novos exames. Durante todo o trajeto, Fab\u00edola esteve acompanhada por uma equipe m\u00e9dica especializada, com equipamentos de suporte vital e monitoramento constante.<\/p>\n<p style=\"text-align: justify;\">Segundo amigos pr\u00f3ximos, Fab\u00edola morava e trabalhava nos Estados Unidos h\u00e1 alguns anos quando apresentou um quadro neurol\u00f3gico grave, sendo internada em uma cl\u00ednica especializada. Sem condi\u00e7\u00f5es de arcar com os altos custos do tratamento e do transporte, familiares iniciaram uma campanha online que rapidamente mobilizou brasileiros dentro e fora do pa\u00eds.<\/p>\n<p style=\"text-align: justify;\">\u201cFoi uma corrente de amor. Cada doa\u00e7\u00e3o, cada compartilhamento ajudou a trazer nossa amiga de volta para casa\u201d, relatou uma das organizadoras da vaquinha.<\/p>\n<p style=\"text-align: justify;\">Agora, o foco est\u00e1 na recupera\u00e7\u00e3o de Fab\u00edola e na continuidade dos cuidados m\u00e9dicos em Minas Gerais. O caso comoveu o pa\u00eds e mostra que, quando a solidariedade fala mais alto, nenhuma dist\u00e2ncia \u00e9 grande demais para trazer algu\u00e9m de volta para casa.<\/p>\n","protected":false},"excerpt":{"rendered":"<p>Uma hist\u00f3ria de solidariedade e esperan\u00e7a marcou o retorno da mineira Fab\u00edola da Costa, de 32 anos, que voltou ao Brasil nesta segunda-feira (20) em uma UTI a\u00e9rea vinda dos Estados Unidos. Em estado vegetativo desde setembro de 2024, ap\u00f3s sofrer um mal s\u00fabito, Fab\u00edola conseguiu retornar ao pa\u00eds gra\u00e7as \u00e0 mobiliza\u00e7\u00e3o de amigos e [&hellip;]<\/p>\n","protected":false},"author":7,"featured_media":312374,"comment_status":"closed","ping_status":"closed","sticky":false,"template":"","format":"standard","meta":{"advanced_seo_description":"","jetpack_seo_html_title":"","jetpack_seo_noindex":false,"_jetpack_memberships_contains_paid_content":false,"footnotes":""},"categories":[79],"tags":[],"class_list":["post-312373","post","type-post","status-publish","format-standard","has-post-thumbnail","hentry","category-regiao"],"jetpack_featured_media_url":"https:\/\/i0.wp.com\/www.lavras24horas.com.br\/portal\/wp-content\/uploads\/2025\/10\/IMG_8021.jpeg?fit=600%2C450&ssl=1","jetpack_sharing_enabled":true,"jetpack_likes_enabled":true,"_links":{"self":[{"href":"https:\/\/www.lavras24horas.com.br\/portal\/wp-json\/wp\/v2\/posts\/312373","targetHints":{"allow":["GET"]}}],"collection":[{"href":"https:\/\/www.lavras24horas.com.br\/portal\/wp-json\/wp\/v2\/posts"}],"about":[{"href":"https:\/\/www.lavras24horas.com.br\/portal\/wp-json\/wp\/v2\/types\/post"}],"author":[{"embeddable":true,"href":"https:\/\/www.lavras24horas.com.br\/portal\/wp-json\/wp\/v2\/users\/7"}],"replies":[{"embeddable":true,"href":"https:\/\/www.lavras24horas.com.br\/portal\/wp-json\/wp\/v2\/comments?post=312373"}],"version-history":[{"count":1,"href":"https:\/\/www.lavras24horas.com.br\/portal\/wp-json\/wp\/v2\/posts\/312373\/revisions"}],"predecessor-version":[{"id":312375,"href":"https:\/\/www.lavras24horas.com.br\/portal\/wp-json\/wp\/v2\/posts\/312373\/revisions\/312375"}],"wp:featuredmedia":[{"embeddable":true,"href":"https:\/\/www.lavras24horas.com.br\/portal\/wp-json\/wp\/v2\/media\/312374"}],"wp:attachment":[{"href":"https:\/\/www.lavras24horas.com.br\/portal\/wp-json\/wp\/v2\/media?parent=312373"}],"wp:term":[{"taxonomy":"category","embeddable":true,"href":"https:\/\/www.lavras24horas.com.br\/portal\/wp-json\/wp\/v2\/categories?post=312373"},{"taxonomy":"post_tag","embeddable":true,"href":"https:\/\/www.lavras24horas.com.br\/portal\/wp-json\/wp\/v2\/tags?post=312373"}],"curies":[{"name":"wp","href":"https:\/\/api.w.org\/{rel}","templated":true}]}}