{"id":312345,"date":"2025-10-20T16:05:47","date_gmt":"2025-10-20T19:05:47","guid":{"rendered":"https:\/\/www.lavras24horas.com.br\/portal\/?p=312345"},"modified":"2025-10-20T16:06:32","modified_gmt":"2025-10-20T19:06:32","slug":"violencia-assusta-nepomuceno-homem-e-assassinado-a-facadas-e-outro-fica-ferido-em-menos-de-48-horas","status":"publish","type":"post","link":"https:\/\/www.lavras24horas.com.br\/portal\/violencia-assusta-nepomuceno-homem-e-assassinado-a-facadas-e-outro-fica-ferido-em-menos-de-48-horas\/","title":{"rendered":"Viol\u00eancia assusta Nepomuceno: homem \u00e9 assassinado a facadas e outro fica ferido em menos de 48 horas"},"content":{"rendered":"<p style=\"text-align: justify;\" data-start=\"108\" data-end=\"418\">A cidade de Nepomuceno viveu um fim de semana marcado pela viol\u00eancia. Na madrugada deste s\u00e1bado (18), um homem foi <strong data-start=\"239\" data-end=\"258\">morto a facadas<\/strong> no bairro Cohab. Horas depois, na noite de domingo (19), outro homem deu entrada na Santa Casa da cidade ap\u00f3s ser <strong data-start=\"373\" data-end=\"415\">esfaqueado durante uma briga em um bar<\/strong>.<\/p>\n<p style=\"text-align: justify;\" data-start=\"420\" data-end=\"743\">Segundo informa\u00e7\u00f5es da <strong data-start=\"443\" data-end=\"462\">Pol\u00edcia Militar<\/strong>, o homic\u00eddio de s\u00e1bado mobilizou diversas equipes, que, ap\u00f3s r\u00e1pidas dilig\u00eancias, conseguiram <strong data-start=\"557\" data-end=\"595\">localizar e prender tr\u00eas suspeitos<\/strong> envolvidos no crime. Os detidos foram encaminhados \u00e0 <strong data-start=\"649\" data-end=\"683\">Delegacia de Plant\u00e3o de Lavras<\/strong>, onde o caso segue sob investiga\u00e7\u00e3o da <strong data-start=\"723\" data-end=\"740\">Pol\u00edcia Civil<\/strong>.<\/p>\n<p style=\"text-align: justify;\" data-start=\"745\" data-end=\"1013\">A v\u00edtima, identificada apenas pelo apelido <strong data-start=\"788\" data-end=\"804\">\u201cAdrianinho\u201d<\/strong>, morreu ainda no local. A motiva\u00e7\u00e3o do crime n\u00e3o foi divulgada oficialmente. Este \u00e9 o <strong data-start=\"891\" data-end=\"944\">quarto homic\u00eddio registrado em Nepomuceno em 2025<\/strong>, o que tem aumentado a sensa\u00e7\u00e3o de inseguran\u00e7a entre os moradores.<\/p>\n<p style=\"text-align: justify;\" data-start=\"1015\" data-end=\"1313\">J\u00e1 na noite de domingo (19), um segundo caso de viol\u00eancia foi registrado. Um homem procurou socorro ap\u00f3s <strong data-start=\"1120\" data-end=\"1155\">ser atingido por golpes de faca<\/strong> durante uma discuss\u00e3o em um bar. Ele foi socorrido e <strong data-start=\"1209\" data-end=\"1232\">permanece internado<\/strong>, sem risco de morte. A PM realiza rastreamentos para tentar localizar o autor.<\/p>\n<p style=\"text-align: justify;\" data-start=\"1315\" data-end=\"1485\">Moradores relatam crescente preocupa\u00e7\u00e3o com o aumento da criminalidade no munic\u00edpio e cobram <strong data-start=\"1408\" data-end=\"1446\">a\u00e7\u00f5es mais firmes do poder p\u00fablico<\/strong> para conter a escalada da viol\u00eancia.<\/p>\n<p style=\"text-align: justify;\" data-start=\"1487\" data-end=\"1540\" data-is-last-node=\"\" data-is-only-node=\"\">\ud83d\udccd <em data-start=\"1490\" data-end=\"1540\" data-is-last-node=\"\">Com informa\u00e7\u00f5es da Pol\u00edcia Militar \u2013 ALCO\/8\u00ba BPM<\/em><\/p>\n","protected":false},"excerpt":{"rendered":"<p>A cidade de Nepomuceno viveu um fim de semana marcado pela viol\u00eancia. Na madrugada deste s\u00e1bado (18), um homem foi morto a facadas no bairro Cohab. Horas depois, na noite de domingo (19), outro homem deu entrada na Santa Casa da cidade ap\u00f3s ser esfaqueado durante uma briga em um bar. Segundo informa\u00e7\u00f5es da Pol\u00edcia [&hellip;]<\/p>\n","protected":false},"author":7,"featured_media":312346,"comment_status":"closed","ping_status":"closed","sticky":false,"template":"","format":"standard","meta":{"advanced_seo_description":"","jetpack_seo_html_title":"","jetpack_seo_noindex":false,"_jetpack_memberships_contains_paid_content":false,"footnotes":""},"categories":[79],"tags":[],"class_list":["post-312345","post","type-post","status-publish","format-standard","has-post-thumbnail","hentry","category-regiao"],"jetpack_featured_media_url":"https:\/\/i0.wp.com\/www.lavras24horas.com.br\/portal\/wp-content\/uploads\/2025\/10\/facada-11.webp?fit=960%2C640&ssl=1","jetpack_sharing_enabled":true,"jetpack_likes_enabled":true,"jetpack_shortlink":"https:\/\/wp.me\/p12djN-1jfP","_links":{"self":[{"href":"https:\/\/www.lavras24horas.com.br\/portal\/wp-json\/wp\/v2\/posts\/312345","targetHints":{"allow":["GET"]}}],"collection":[{"href":"https:\/\/www.lavras24horas.com.br\/portal\/wp-json\/wp\/v2\/posts"}],"about":[{"href":"https:\/\/www.lavras24horas.com.br\/portal\/wp-json\/wp\/v2\/types\/post"}],"author":[{"embeddable":true,"href":"https:\/\/www.lavras24horas.com.br\/portal\/wp-json\/wp\/v2\/users\/7"}],"replies":[{"embeddable":true,"href":"https:\/\/www.lavras24horas.com.br\/portal\/wp-json\/wp\/v2\/comments?post=312345"}],"version-history":[{"count":2,"href":"https:\/\/www.lavras24horas.com.br\/portal\/wp-json\/wp\/v2\/posts\/312345\/revisions"}],"predecessor-version":[{"id":312348,"href":"https:\/\/www.lavras24horas.com.br\/portal\/wp-json\/wp\/v2\/posts\/312345\/revisions\/312348"}],"wp:featuredmedia":[{"embeddable":true,"href":"https:\/\/www.lavras24horas.com.br\/portal\/wp-json\/wp\/v2\/media\/312346"}],"wp:attachment":[{"href":"https:\/\/www.lavras24horas.com.br\/portal\/wp-json\/wp\/v2\/media?parent=312345"}],"wp:term":[{"taxonomy":"category","embeddable":true,"href":"https:\/\/www.lavras24horas.com.br\/portal\/wp-json\/wp\/v2\/categories?post=312345"},{"taxonomy":"post_tag","embeddable":true,"href":"https:\/\/www.lavras24horas.com.br\/portal\/wp-json\/wp\/v2\/tags?post=312345"}],"curies":[{"name":"wp","href":"https:\/\/api.w.org\/{rel}","templated":true}]}}