{"id":312041,"date":"2025-10-08T16:32:48","date_gmt":"2025-10-08T19:32:48","guid":{"rendered":"https:\/\/www.lavras24horas.com.br\/portal\/?p=312041"},"modified":"2025-10-08T16:32:48","modified_gmt":"2025-10-08T19:32:48","slug":"haddad-critica-gestao-anterior-e-diz-que-governo-bolsonaro-deixou-de-cobrar-impostos-como-deveria","status":"publish","type":"post","link":"https:\/\/www.lavras24horas.com.br\/portal\/haddad-critica-gestao-anterior-e-diz-que-governo-bolsonaro-deixou-de-cobrar-impostos-como-deveria\/","title":{"rendered":"Haddad critica gest\u00e3o anterior e diz que governo Bolsonaro &#8220;deixou de cobrar impostos como deveria&#8221;"},"content":{"rendered":"\n<p>O ministro da Fazenda, Fernando Haddad, voltou a comentar o legado fiscal deixado pelo ex-presidente Jair Bolsonaro e afirmou que o governo anterior \u201cdeixou de cobrar impostos como deveria\u201d, ao promover cortes e isen\u00e7\u00f5es tribut\u00e1rias sem planejamento de compensa\u00e7\u00e3o. A declara\u00e7\u00e3o gerou ampla repercuss\u00e3o pol\u00edtica e foi interpretada por opositores como uma defesa do aumento da carga tribut\u00e1ria \u2014 o que o Minist\u00e9rio da Fazenda nega.<\/p>\n\n\n\n<p>De acordo com dados da Receita Federal e do Minist\u00e9rio da Economia, o governo Bolsonaro reduziu tributos federais em diversas frentes: houve corte de at\u00e9 35% no Imposto sobre Produtos Industrializados (IPI), desonera\u00e7\u00e3o total de PIS\/Cofins sobre diesel e g\u00e1s de cozinha, al\u00e9m de redu\u00e7\u00f5es no Imposto de Importa\u00e7\u00e3o para milhares de produtos. Essas medidas, segundo analistas, contribu\u00edram para conter parte da infla\u00e7\u00e3o em meio \u00e0 crise global de pre\u00e7os, mas tamb\u00e9m impactaram diretamente a arrecada\u00e7\u00e3o federal, gerando perda bilion\u00e1ria de receitas.<\/p>\n\n\n\n<p>Haddad sustenta que essas desonera\u00e7\u00f5es foram adotadas sem crit\u00e9rios t\u00e9cnicos e beneficiaram setores espec\u00edficos, agravando o desequil\u00edbrio fiscal. O ministro defende que o atual governo busca \u201ccorrigir distor\u00e7\u00f5es hist\u00f3ricas\u201d e tornar o sistema tribut\u00e1rio mais justo. \u201cN\u00e3o se trata de aumentar impostos, e sim de garantir que quem ganha mais contribua de forma proporcional\u201d, afirmou.<\/p>\n\n\n\n<p>Estudos do Tesouro Nacional e da pr\u00f3pria Receita Federal apontam que as ren\u00fancias fiscais federais ultrapassam R$ 500 bilh\u00f5es por ano, valor que preocupa a equipe econ\u00f4mica. Entre as medidas em estudo est\u00e3o a revis\u00e3o de benef\u00edcios tribut\u00e1rios e a taxa\u00e7\u00e3o de lucros e dividendos, hoje isentos para pessoas f\u00edsicas.<\/p>\n\n\n\n<p>Enquanto a oposi\u00e7\u00e3o acusa o governo de tentar ampliar a carga tribut\u00e1ria, Haddad rebate dizendo que o objetivo \u00e9 restaurar a responsabilidade fiscal e refor\u00e7ar a justi\u00e7a social. \u201c\u00c9 preciso cobrar de forma justa para financiar o Estado e garantir servi\u00e7os p\u00fablicos de qualidade\u201d, concluiu o ministro.<\/p>\n","protected":false},"excerpt":{"rendered":"<p>O ministro da Fazenda, Fernando Haddad, voltou a comentar o legado fiscal deixado pelo ex-presidente Jair Bolsonaro e afirmou que o governo anterior \u201cdeixou de cobrar impostos como deveria\u201d, ao promover cortes e isen\u00e7\u00f5es tribut\u00e1rias sem planejamento de compensa\u00e7\u00e3o. A declara\u00e7\u00e3o gerou ampla repercuss\u00e3o pol\u00edtica e foi interpretada por opositores como uma defesa do aumento [&hellip;]<\/p>\n","protected":false},"author":7,"featured_media":312040,"comment_status":"closed","ping_status":"closed","sticky":false,"template":"","format":"standard","meta":{"advanced_seo_description":"","jetpack_seo_html_title":"","jetpack_seo_noindex":false,"_jetpack_memberships_contains_paid_content":false,"footnotes":""},"categories":[31047],"tags":[],"class_list":["post-312041","post","type-post","status-publish","format-standard","has-post-thumbnail","hentry","category-brasil"],"jetpack_featured_media_url":"https:\/\/i0.wp.com\/www.lavras24horas.com.br\/portal\/wp-content\/uploads\/2025\/10\/img_7238.jpg?fit=1290%2C1397&ssl=1","jetpack_sharing_enabled":true,"jetpack_likes_enabled":true,"jetpack_shortlink":"https:\/\/wp.me\/p12djN-1jaV","_links":{"self":[{"href":"https:\/\/www.lavras24horas.com.br\/portal\/wp-json\/wp\/v2\/posts\/312041","targetHints":{"allow":["GET"]}}],"collection":[{"href":"https:\/\/www.lavras24horas.com.br\/portal\/wp-json\/wp\/v2\/posts"}],"about":[{"href":"https:\/\/www.lavras24horas.com.br\/portal\/wp-json\/wp\/v2\/types\/post"}],"author":[{"embeddable":true,"href":"https:\/\/www.lavras24horas.com.br\/portal\/wp-json\/wp\/v2\/users\/7"}],"replies":[{"embeddable":true,"href":"https:\/\/www.lavras24horas.com.br\/portal\/wp-json\/wp\/v2\/comments?post=312041"}],"version-history":[{"count":1,"href":"https:\/\/www.lavras24horas.com.br\/portal\/wp-json\/wp\/v2\/posts\/312041\/revisions"}],"predecessor-version":[{"id":312042,"href":"https:\/\/www.lavras24horas.com.br\/portal\/wp-json\/wp\/v2\/posts\/312041\/revisions\/312042"}],"wp:featuredmedia":[{"embeddable":true,"href":"https:\/\/www.lavras24horas.com.br\/portal\/wp-json\/wp\/v2\/media\/312040"}],"wp:attachment":[{"href":"https:\/\/www.lavras24horas.com.br\/portal\/wp-json\/wp\/v2\/media?parent=312041"}],"wp:term":[{"taxonomy":"category","embeddable":true,"href":"https:\/\/www.lavras24horas.com.br\/portal\/wp-json\/wp\/v2\/categories?post=312041"},{"taxonomy":"post_tag","embeddable":true,"href":"https:\/\/www.lavras24horas.com.br\/portal\/wp-json\/wp\/v2\/tags?post=312041"}],"curies":[{"name":"wp","href":"https:\/\/api.w.org\/{rel}","templated":true}]}}