{"id":311801,"date":"2025-09-28T17:51:07","date_gmt":"2025-09-28T20:51:07","guid":{"rendered":"https:\/\/www.lavras24horas.com.br\/portal\/?p=311801"},"modified":"2025-09-28T17:51:07","modified_gmt":"2025-09-28T20:51:07","slug":"senado-aprova-projeto-que-amplia-licenca-por-luto-na-clt-de-2-para-8-dias","status":"publish","type":"post","link":"https:\/\/www.lavras24horas.com.br\/portal\/senado-aprova-projeto-que-amplia-licenca-por-luto-na-clt-de-2-para-8-dias\/","title":{"rendered":"Senado aprova projeto que amplia licen\u00e7a por luto na CLT de 2 para 8 dias"},"content":{"rendered":"\n<p class=\"p1\">O Senado Federal aprovou um projeto de lei que amplia de 2 para 8 dias o per\u00edodo de licen\u00e7a por luto garantido aos trabalhadores celetistas em caso de falecimento de parentes pr\u00f3ximos. A proposta altera a Consolida\u00e7\u00e3o das Leis do Trabalho (CLT) e agora segue para an\u00e1lise da C\u00e2mara dos Deputados.<\/p>\n\n\n\n<p class=\"p1\">De acordo com o texto, a licen\u00e7a se aplica nos casos de morte de pai, m\u00e3e, irm\u00e3os, companheira ou c\u00f4njuge, madrasta, padrasto e menor sob guarda ou tutela. A mudan\u00e7a busca corrigir uma desigualdade hist\u00f3rica, j\u00e1 que os servidores p\u00fablicos j\u00e1 contam com um prazo maior de afastamento nessas situa\u00e7\u00f5es.<\/p>\n\n\n\n<p class=\"p1\">Para os autores do projeto, a medida reconhece que o luto afeta todos de forma semelhante, independentemente do regime de trabalho. O per\u00edodo ampliado pretende oferecer mais tempo para que os trabalhadores possam lidar com a perda e reorganizar sua vida familiar.<\/p>\n\n\n\n<p class=\"p1\">Caso seja aprovada tamb\u00e9m pela C\u00e2mara e sancionada, a lei passar\u00e1 a valer para todos os trabalhadores contratados pelo regime da CLT em todo o pa\u00eds.<\/p>\n","protected":false},"excerpt":{"rendered":"<p>O Senado Federal aprovou um projeto de lei que amplia de 2 para 8 dias o per\u00edodo de licen\u00e7a por luto garantido aos trabalhadores celetistas em caso de falecimento de parentes pr\u00f3ximos. A proposta altera a Consolida\u00e7\u00e3o das Leis do Trabalho (CLT) e agora segue para an\u00e1lise da C\u00e2mara dos Deputados. De acordo com o [&hellip;]<\/p>\n","protected":false},"author":7,"featured_media":311800,"comment_status":"closed","ping_status":"closed","sticky":false,"template":"","format":"standard","meta":{"advanced_seo_description":"","jetpack_seo_html_title":"","jetpack_seo_noindex":false,"_jetpack_memberships_contains_paid_content":false,"footnotes":""},"categories":[31047],"tags":[],"class_list":["post-311801","post","type-post","status-publish","format-standard","has-post-thumbnail","hentry","category-brasil"],"jetpack_featured_media_url":"https:\/\/i0.wp.com\/www.lavras24horas.com.br\/portal\/wp-content\/uploads\/2025\/09\/img_6603.jpg?fit=736%2C490&ssl=1","jetpack_sharing_enabled":true,"jetpack_likes_enabled":true,"_links":{"self":[{"href":"https:\/\/www.lavras24horas.com.br\/portal\/wp-json\/wp\/v2\/posts\/311801","targetHints":{"allow":["GET"]}}],"collection":[{"href":"https:\/\/www.lavras24horas.com.br\/portal\/wp-json\/wp\/v2\/posts"}],"about":[{"href":"https:\/\/www.lavras24horas.com.br\/portal\/wp-json\/wp\/v2\/types\/post"}],"author":[{"embeddable":true,"href":"https:\/\/www.lavras24horas.com.br\/portal\/wp-json\/wp\/v2\/users\/7"}],"replies":[{"embeddable":true,"href":"https:\/\/www.lavras24horas.com.br\/portal\/wp-json\/wp\/v2\/comments?post=311801"}],"version-history":[{"count":1,"href":"https:\/\/www.lavras24horas.com.br\/portal\/wp-json\/wp\/v2\/posts\/311801\/revisions"}],"predecessor-version":[{"id":311802,"href":"https:\/\/www.lavras24horas.com.br\/portal\/wp-json\/wp\/v2\/posts\/311801\/revisions\/311802"}],"wp:featuredmedia":[{"embeddable":true,"href":"https:\/\/www.lavras24horas.com.br\/portal\/wp-json\/wp\/v2\/media\/311800"}],"wp:attachment":[{"href":"https:\/\/www.lavras24horas.com.br\/portal\/wp-json\/wp\/v2\/media?parent=311801"}],"wp:term":[{"taxonomy":"category","embeddable":true,"href":"https:\/\/www.lavras24horas.com.br\/portal\/wp-json\/wp\/v2\/categories?post=311801"},{"taxonomy":"post_tag","embeddable":true,"href":"https:\/\/www.lavras24horas.com.br\/portal\/wp-json\/wp\/v2\/tags?post=311801"}],"curies":[{"name":"wp","href":"https:\/\/api.w.org\/{rel}","templated":true}]}}