{"id":311741,"date":"2025-09-25T16:25:51","date_gmt":"2025-09-25T19:25:51","guid":{"rendered":"https:\/\/www.lavras24horas.com.br\/portal\/?p=311741"},"modified":"2025-09-25T16:25:51","modified_gmt":"2025-09-25T19:25:51","slug":"assalto-a-mao-armada-e-registrado-em-mercearia-em-nepomuceno-na-noite-desta-quarta-feira","status":"publish","type":"post","link":"https:\/\/www.lavras24horas.com.br\/portal\/assalto-a-mao-armada-e-registrado-em-mercearia-em-nepomuceno-na-noite-desta-quarta-feira\/","title":{"rendered":"Assalto \u00e0 m\u00e3o armada \u00e9 registrado em mercearia em Nepomuceno na noite desta quarta-feira"},"content":{"rendered":"\n<p>Na noite desta quarta-feira (24), um assalto foi registrado em uma mercearia localizada em Nepomuceno, gerando apreens\u00e3o entre comerciantes e moradores da cidade.<\/p>\n\n\n\n<p>Segundo informa\u00e7\u00f5es preliminares, tr\u00eas homens encapuzados e armados invadiram o estabelecimento e anunciaram o crime. A a\u00e7\u00e3o foi r\u00e1pida, mas ainda n\u00e3o h\u00e1 detalhes sobre os bens levados pelos criminosos.<\/p>\n\n\n\n<p>A Pol\u00edcia Militar foi acionada e segue em dilig\u00eancias na tentativa de localizar os autores. At\u00e9 o momento, n\u00e3o h\u00e1 informa\u00e7\u00f5es sobre pris\u00f5es ou feridos.<\/p>\n\n\n\n<p>A equipe do Lavras24Horas j\u00e1 entrou em contato com as autoridades policiais e segue acompanhando o caso. A qualquer momento, esta mat\u00e9ria poder\u00e1 ser atualizada com novas informa\u00e7\u00f5es.<\/p>\n\n\n\n<figure class=\"wp-block-video\"><video height=\"478\" style=\"aspect-ratio: 848 \/ 478;\" width=\"848\" controls src=\"https:\/\/www.lavras24horas.com.br\/portal\/wp-content\/uploads\/2025\/09\/b54c545a-8ca1-4088-b343-c73b3b459191.mp4\"><\/video><\/figure>\n","protected":false},"excerpt":{"rendered":"<p>Na noite desta quarta-feira (24), um assalto foi registrado em uma mercearia localizada em Nepomuceno, gerando apreens\u00e3o entre comerciantes e moradores da cidade. Segundo informa\u00e7\u00f5es preliminares, tr\u00eas homens encapuzados e armados invadiram o estabelecimento e anunciaram o crime. A a\u00e7\u00e3o foi r\u00e1pida, mas ainda n\u00e3o h\u00e1 detalhes sobre os bens levados pelos criminosos. A Pol\u00edcia [&hellip;]<\/p>\n","protected":false},"author":7,"featured_media":311739,"comment_status":"closed","ping_status":"closed","sticky":false,"template":"","format":"standard","meta":{"advanced_seo_description":"","jetpack_seo_html_title":"","jetpack_seo_noindex":false,"_jetpack_memberships_contains_paid_content":false,"footnotes":""},"categories":[79],"tags":[],"class_list":["post-311741","post","type-post","status-publish","format-standard","has-post-thumbnail","hentry","category-regiao"],"jetpack_featured_media_url":"https:\/\/i0.wp.com\/www.lavras24horas.com.br\/portal\/wp-content\/uploads\/2025\/09\/img_6451.jpg?fit=1290%2C755&ssl=1","jetpack_sharing_enabled":true,"jetpack_likes_enabled":true,"_links":{"self":[{"href":"https:\/\/www.lavras24horas.com.br\/portal\/wp-json\/wp\/v2\/posts\/311741","targetHints":{"allow":["GET"]}}],"collection":[{"href":"https:\/\/www.lavras24horas.com.br\/portal\/wp-json\/wp\/v2\/posts"}],"about":[{"href":"https:\/\/www.lavras24horas.com.br\/portal\/wp-json\/wp\/v2\/types\/post"}],"author":[{"embeddable":true,"href":"https:\/\/www.lavras24horas.com.br\/portal\/wp-json\/wp\/v2\/users\/7"}],"replies":[{"embeddable":true,"href":"https:\/\/www.lavras24horas.com.br\/portal\/wp-json\/wp\/v2\/comments?post=311741"}],"version-history":[{"count":1,"href":"https:\/\/www.lavras24horas.com.br\/portal\/wp-json\/wp\/v2\/posts\/311741\/revisions"}],"predecessor-version":[{"id":311742,"href":"https:\/\/www.lavras24horas.com.br\/portal\/wp-json\/wp\/v2\/posts\/311741\/revisions\/311742"}],"wp:featuredmedia":[{"embeddable":true,"href":"https:\/\/www.lavras24horas.com.br\/portal\/wp-json\/wp\/v2\/media\/311739"}],"wp:attachment":[{"href":"https:\/\/www.lavras24horas.com.br\/portal\/wp-json\/wp\/v2\/media?parent=311741"}],"wp:term":[{"taxonomy":"category","embeddable":true,"href":"https:\/\/www.lavras24horas.com.br\/portal\/wp-json\/wp\/v2\/categories?post=311741"},{"taxonomy":"post_tag","embeddable":true,"href":"https:\/\/www.lavras24horas.com.br\/portal\/wp-json\/wp\/v2\/tags?post=311741"}],"curies":[{"name":"wp","href":"https:\/\/api.w.org\/{rel}","templated":true}]}}