{"id":311658,"date":"2025-09-22T15:54:22","date_gmt":"2025-09-22T18:54:22","guid":{"rendered":"https:\/\/www.lavras24horas.com.br\/portal\/?p=311658"},"modified":"2025-09-22T15:54:22","modified_gmt":"2025-09-22T18:54:22","slug":"homem-e-morto-a-tiros-em-nepomuceno-e-dupla-e-presa-pela-policia-militar","status":"publish","type":"post","link":"https:\/\/www.lavras24horas.com.br\/portal\/homem-e-morto-a-tiros-em-nepomuceno-e-dupla-e-presa-pela-policia-militar\/","title":{"rendered":"Homem \u00e9 morto a tiros em Nepomuceno e dupla \u00e9 presa pela Pol\u00edcia Militar"},"content":{"rendered":"\n<p>A manh\u00e3 de domingo (21) foi marcada por viol\u00eancia em Nepomuceno (MG). A Pol\u00edcia Militar foi acionada no bairro Novo Horizonte ap\u00f3s den\u00fancias de disparos de arma de fogo.<\/p>\n\n\n\n<p>No local, os militares apuraram que a v\u00edtima, um homem de 52 anos, havia sido socorrida por terceiros at\u00e9 a Santa Casa da cidade. Apesar dos esfor\u00e7os m\u00e9dicos, ele n\u00e3o resistiu aos ferimentos e faleceu.<\/p>\n\n\n\n<p>Testemunhas relataram que o autor dos disparos seria um homem natural do estado de S\u00e3o Paulo, que fugiu a p\u00e9 logo ap\u00f3s o crime. Durante as dilig\u00eancias, a PM recebeu den\u00fancias an\u00f4nimas que apontavam para o envolvimento do irm\u00e3o do suspeito na a\u00e7\u00e3o criminosa.<\/p>\n\n\n\n<p>Com base nas informa\u00e7\u00f5es, os policiais realizaram intenso rastreamento e conseguiram localizar e prender o coautor, um homem de 30 anos. Em seguida, o autor dos disparos, de 26 anos, tamb\u00e9m foi capturado.<\/p>\n\n\n\n<p><\/p>\n","protected":false},"excerpt":{"rendered":"<p>A manh\u00e3 de domingo (21) foi marcada por viol\u00eancia em Nepomuceno (MG). A Pol\u00edcia Militar foi acionada no bairro Novo Horizonte ap\u00f3s den\u00fancias de disparos de arma de fogo. No local, os militares apuraram que a v\u00edtima, um homem de 52 anos, havia sido socorrida por terceiros at\u00e9 a Santa Casa da cidade. Apesar dos [&hellip;]<\/p>\n","protected":false},"author":7,"featured_media":311657,"comment_status":"closed","ping_status":"closed","sticky":false,"template":"","format":"standard","meta":{"advanced_seo_description":"","jetpack_seo_html_title":"","jetpack_seo_noindex":false,"_jetpack_memberships_contains_paid_content":false,"footnotes":""},"categories":[79],"tags":[],"class_list":["post-311658","post","type-post","status-publish","format-standard","has-post-thumbnail","hentry","category-regiao"],"jetpack_featured_media_url":"https:\/\/i0.wp.com\/www.lavras24horas.com.br\/portal\/wp-content\/uploads\/2025\/09\/img_6212.jpg?fit=1200%2C630&ssl=1","jetpack_sharing_enabled":true,"jetpack_likes_enabled":true,"_links":{"self":[{"href":"https:\/\/www.lavras24horas.com.br\/portal\/wp-json\/wp\/v2\/posts\/311658","targetHints":{"allow":["GET"]}}],"collection":[{"href":"https:\/\/www.lavras24horas.com.br\/portal\/wp-json\/wp\/v2\/posts"}],"about":[{"href":"https:\/\/www.lavras24horas.com.br\/portal\/wp-json\/wp\/v2\/types\/post"}],"author":[{"embeddable":true,"href":"https:\/\/www.lavras24horas.com.br\/portal\/wp-json\/wp\/v2\/users\/7"}],"replies":[{"embeddable":true,"href":"https:\/\/www.lavras24horas.com.br\/portal\/wp-json\/wp\/v2\/comments?post=311658"}],"version-history":[{"count":1,"href":"https:\/\/www.lavras24horas.com.br\/portal\/wp-json\/wp\/v2\/posts\/311658\/revisions"}],"predecessor-version":[{"id":311659,"href":"https:\/\/www.lavras24horas.com.br\/portal\/wp-json\/wp\/v2\/posts\/311658\/revisions\/311659"}],"wp:featuredmedia":[{"embeddable":true,"href":"https:\/\/www.lavras24horas.com.br\/portal\/wp-json\/wp\/v2\/media\/311657"}],"wp:attachment":[{"href":"https:\/\/www.lavras24horas.com.br\/portal\/wp-json\/wp\/v2\/media?parent=311658"}],"wp:term":[{"taxonomy":"category","embeddable":true,"href":"https:\/\/www.lavras24horas.com.br\/portal\/wp-json\/wp\/v2\/categories?post=311658"},{"taxonomy":"post_tag","embeddable":true,"href":"https:\/\/www.lavras24horas.com.br\/portal\/wp-json\/wp\/v2\/tags?post=311658"}],"curies":[{"name":"wp","href":"https:\/\/api.w.org\/{rel}","templated":true}]}}