{"id":311382,"date":"2025-09-15T10:00:14","date_gmt":"2025-09-15T13:00:14","guid":{"rendered":"https:\/\/www.lavras24horas.com.br\/portal\/?p=311382"},"modified":"2025-09-15T10:00:14","modified_gmt":"2025-09-15T13:00:14","slug":"bolsonaro-pode-ser-preso-ate-dezembro-se-recursos-forem-rejeitados","status":"publish","type":"post","link":"https:\/\/www.lavras24horas.com.br\/portal\/bolsonaro-pode-ser-preso-ate-dezembro-se-recursos-forem-rejeitados\/","title":{"rendered":"Bolsonaro pode ser preso at\u00e9 dezembro se recursos forem rejeitados"},"content":{"rendered":"\n<p>O ex-presidente Jair Bolsonaro e mais sete aliados condenados na a\u00e7\u00e3o penal da trama golpista podem come\u00e7ar a cumprir as penas ainda neste ano. A Primeira Turma do STF decidiu, na \u00faltima quinta-feira (11), pela condena\u00e7\u00e3o dos r\u00e9us a penas que variam entre 16 e 27 anos de pris\u00e3o em regime fechado.<\/p>\n\n\n\n<p>Apesar da decis\u00e3o, o cumprimento n\u00e3o \u00e9 imediato, pois as defesas ainda podem recorrer. Ap\u00f3s a publica\u00e7\u00e3o do ac\u00f3rd\u00e3o do julgamento, prevista para os pr\u00f3ximos 60 dias, haver\u00e1 prazo de cinco dias para apresenta\u00e7\u00e3o de embargos de declara\u00e7\u00e3o, recurso que dificilmente reverte o resultado. Caso sejam rejeitados, a execu\u00e7\u00e3o das penas deve ser determinada entre novembro e dezembro.<\/p>\n\n\n\n<p>Entre os condenados est\u00e3o militares de alta patente e ex-ministros: Augusto Heleno, Braga Netto, Paulo S\u00e9rgio Nogueira, Almir Garnier, al\u00e9m de Alexandre Ramagem, Anderson Torres e Bolsonaro. Por lei, oficiais das For\u00e7as Armadas e delegados da PF t\u00eam direito a celas especiais, possivelmente no pres\u00eddio da Papuda, na PF ou no Comando Militar do Planalto.<\/p>\n\n\n\n<p>Bolsonaro, devido a problemas de sa\u00fade, poder\u00e1 pedir para cumprir a pena em pris\u00e3o domiciliar, medida que caber\u00e1 ao relator Alexandre de Moraes decidir. O ex-ajudante Mauro Cid n\u00e3o foi inclu\u00eddo entre os condenados por ter firmado dela\u00e7\u00e3o premiada.<\/p>\n\n\n\n<p>Ag\u00eancia Brasil<\/p>\n","protected":false},"excerpt":{"rendered":"<p>O ex-presidente Jair Bolsonaro e mais sete aliados condenados na a\u00e7\u00e3o penal da trama golpista podem come\u00e7ar a cumprir as penas ainda neste ano. A Primeira Turma do STF decidiu, na \u00faltima quinta-feira (11), pela condena\u00e7\u00e3o dos r\u00e9us a penas que variam entre 16 e 27 anos de pris\u00e3o em regime fechado. Apesar da decis\u00e3o, [&hellip;]<\/p>\n","protected":false},"author":7,"featured_media":311384,"comment_status":"closed","ping_status":"closed","sticky":false,"template":"","format":"standard","meta":{"advanced_seo_description":"","jetpack_seo_html_title":"","jetpack_seo_noindex":false,"_jetpack_memberships_contains_paid_content":false,"footnotes":""},"categories":[31047],"tags":[],"class_list":["post-311382","post","type-post","status-publish","format-standard","has-post-thumbnail","hentry","category-brasil"],"jetpack_featured_media_url":"https:\/\/i0.wp.com\/www.lavras24horas.com.br\/portal\/wp-content\/uploads\/2025\/09\/img_5754-1.jpg?fit=1170%2C700&ssl=1","jetpack_sharing_enabled":true,"jetpack_likes_enabled":true,"_links":{"self":[{"href":"https:\/\/www.lavras24horas.com.br\/portal\/wp-json\/wp\/v2\/posts\/311382","targetHints":{"allow":["GET"]}}],"collection":[{"href":"https:\/\/www.lavras24horas.com.br\/portal\/wp-json\/wp\/v2\/posts"}],"about":[{"href":"https:\/\/www.lavras24horas.com.br\/portal\/wp-json\/wp\/v2\/types\/post"}],"author":[{"embeddable":true,"href":"https:\/\/www.lavras24horas.com.br\/portal\/wp-json\/wp\/v2\/users\/7"}],"replies":[{"embeddable":true,"href":"https:\/\/www.lavras24horas.com.br\/portal\/wp-json\/wp\/v2\/comments?post=311382"}],"version-history":[{"count":1,"href":"https:\/\/www.lavras24horas.com.br\/portal\/wp-json\/wp\/v2\/posts\/311382\/revisions"}],"predecessor-version":[{"id":311383,"href":"https:\/\/www.lavras24horas.com.br\/portal\/wp-json\/wp\/v2\/posts\/311382\/revisions\/311383"}],"wp:featuredmedia":[{"embeddable":true,"href":"https:\/\/www.lavras24horas.com.br\/portal\/wp-json\/wp\/v2\/media\/311384"}],"wp:attachment":[{"href":"https:\/\/www.lavras24horas.com.br\/portal\/wp-json\/wp\/v2\/media?parent=311382"}],"wp:term":[{"taxonomy":"category","embeddable":true,"href":"https:\/\/www.lavras24horas.com.br\/portal\/wp-json\/wp\/v2\/categories?post=311382"},{"taxonomy":"post_tag","embeddable":true,"href":"https:\/\/www.lavras24horas.com.br\/portal\/wp-json\/wp\/v2\/tags?post=311382"}],"curies":[{"name":"wp","href":"https:\/\/api.w.org\/{rel}","templated":true}]}}