{"id":311331,"date":"2025-09-12T15:19:05","date_gmt":"2025-09-12T18:19:05","guid":{"rendered":"https:\/\/www.lavras24horas.com.br\/portal\/?p=311331"},"modified":"2025-09-12T15:19:05","modified_gmt":"2025-09-12T18:19:05","slug":"informacoes-adicionais-de-colisao-na-br-265-colisao-entre-carro-e-moto-deixa-vereador-e-jovem-feridos","status":"publish","type":"post","link":"https:\/\/www.lavras24horas.com.br\/portal\/informacoes-adicionais-de-colisao-na-br-265-colisao-entre-carro-e-moto-deixa-vereador-e-jovem-feridos\/","title":{"rendered":"Informa\u00e7\u00f5es adicionais de colis\u00e3o na BR-265: Colis\u00e3o entre carro e moto deixa vereador e jovem feridos"},"content":{"rendered":"\n<p>Na manh\u00e3 desta sexta-feira (12), um acidente de tr\u00e2nsito foi registrado na BR-265, em trecho que corta o per\u00edmetro urbano de Lavras, pr\u00f3ximo ao trevo da rodovi\u00e1ria. A batida envolveu um Fiat Uno e uma motocicleta e resultou em dois lavrenses feridos. Equipes do Corpo de Bombeiros e da Pol\u00edcia Militar prestaram atendimento no local.<\/p>\n\n\n\n<p>O motociclista, de 26 anos, residente no bairro Novo Horizonte, sofreu escoria\u00e7\u00f5es pelo corpo. Ele foi imobilizado pelos militares e conduzido \u00e0 UPA de Lavras, onde recebeu cuidados m\u00e9dicos.<\/p>\n\n\n\n<p>J\u00e1 o motorista do carro, identificado como o vereador Alisson Magno Mattioli, de 53 anos, n\u00e3o apresentava ferimentos graves inicialmente, mas come\u00e7ou a sentir fortes dores no t\u00f3rax durante o atendimento. Por isso, foi levado ao Hospital Vaz Monteiro para avalia\u00e7\u00e3o mais detalhada.<\/p>\n\n\n\n<p>A ocorr\u00eancia refor\u00e7a a preocupa\u00e7\u00e3o com a BR-265, que embora seja rodovia federal, atravessa \u00e1reas movimentadas de Lavras e, em alguns trechos, se assemelha a uma avenida urbana. Essa caracter\u00edstica, segundo moradores, contribui para o elevado n\u00famero de acidentes, principalmente em per\u00edodos de maior tr\u00e1fego.<\/p>\n\n\n\n<p>com informa\u00e7\u00f5es de @radioculturadelavras96.5fm<\/p>\n","protected":false},"excerpt":{"rendered":"<p>Na manh\u00e3 desta sexta-feira (12), um acidente de tr\u00e2nsito foi registrado na BR-265, em trecho que corta o per\u00edmetro urbano de Lavras, pr\u00f3ximo ao trevo da rodovi\u00e1ria. A batida envolveu um Fiat Uno e uma motocicleta e resultou em dois lavrenses feridos. Equipes do Corpo de Bombeiros e da Pol\u00edcia Militar prestaram atendimento no local. [&hellip;]<\/p>\n","protected":false},"author":7,"featured_media":311330,"comment_status":"closed","ping_status":"closed","sticky":false,"template":"","format":"standard","meta":{"advanced_seo_description":"","jetpack_seo_html_title":"","jetpack_seo_noindex":false,"_jetpack_memberships_contains_paid_content":false,"footnotes":""},"categories":[4],"tags":[],"class_list":["post-311331","post","type-post","status-publish","format-standard","has-post-thumbnail","hentry","category-lavras"],"jetpack_featured_media_url":"https:\/\/i0.wp.com\/www.lavras24horas.com.br\/portal\/wp-content\/uploads\/2025\/09\/a3c98349-417d-4a6b-b979-591493861096.jpg?fit=1600%2C1200&ssl=1","jetpack_sharing_enabled":true,"jetpack_likes_enabled":true,"jetpack_shortlink":"https:\/\/wp.me\/p12djN-1iZt","_links":{"self":[{"href":"https:\/\/www.lavras24horas.com.br\/portal\/wp-json\/wp\/v2\/posts\/311331","targetHints":{"allow":["GET"]}}],"collection":[{"href":"https:\/\/www.lavras24horas.com.br\/portal\/wp-json\/wp\/v2\/posts"}],"about":[{"href":"https:\/\/www.lavras24horas.com.br\/portal\/wp-json\/wp\/v2\/types\/post"}],"author":[{"embeddable":true,"href":"https:\/\/www.lavras24horas.com.br\/portal\/wp-json\/wp\/v2\/users\/7"}],"replies":[{"embeddable":true,"href":"https:\/\/www.lavras24horas.com.br\/portal\/wp-json\/wp\/v2\/comments?post=311331"}],"version-history":[{"count":1,"href":"https:\/\/www.lavras24horas.com.br\/portal\/wp-json\/wp\/v2\/posts\/311331\/revisions"}],"predecessor-version":[{"id":311332,"href":"https:\/\/www.lavras24horas.com.br\/portal\/wp-json\/wp\/v2\/posts\/311331\/revisions\/311332"}],"wp:featuredmedia":[{"embeddable":true,"href":"https:\/\/www.lavras24horas.com.br\/portal\/wp-json\/wp\/v2\/media\/311330"}],"wp:attachment":[{"href":"https:\/\/www.lavras24horas.com.br\/portal\/wp-json\/wp\/v2\/media?parent=311331"}],"wp:term":[{"taxonomy":"category","embeddable":true,"href":"https:\/\/www.lavras24horas.com.br\/portal\/wp-json\/wp\/v2\/categories?post=311331"},{"taxonomy":"post_tag","embeddable":true,"href":"https:\/\/www.lavras24horas.com.br\/portal\/wp-json\/wp\/v2\/tags?post=311331"}],"curies":[{"name":"wp","href":"https:\/\/api.w.org\/{rel}","templated":true}]}}