{"id":311303,"date":"2025-09-12T10:57:34","date_gmt":"2025-09-12T13:57:34","guid":{"rendered":"https:\/\/www.lavras24horas.com.br\/portal\/?p=311303"},"modified":"2025-09-12T10:57:34","modified_gmt":"2025-09-12T13:57:34","slug":"incendio-de-grandes-proporcoes-atinge-a-serra-da-bocaina-em-lavras","status":"publish","type":"post","link":"https:\/\/www.lavras24horas.com.br\/portal\/incendio-de-grandes-proporcoes-atinge-a-serra-da-bocaina-em-lavras\/","title":{"rendered":"Inc\u00eandio de grandes propor\u00e7\u00f5es atinge a Serra da Bocaina em Lavras"},"content":{"rendered":"\n<p>Um inc\u00eandio de grandes propor\u00e7\u00f5es atinge, neste momento, a Serra da Bocaina, regi\u00e3o conhecida como Serrinha, em Lavras. As chamas avan\u00e7am rapidamente pela vegeta\u00e7\u00e3o e j\u00e1 podem ser vistas de diversos pontos da cidade, formando uma densa cortina de fuma\u00e7a.<\/p>\n\n\n\n<p>Moradores relatam que o fogo come\u00e7ou ainda na tarde desta quinta-feira (11) e se espalhou devido ao clima seco e ao vento forte.<\/p>\n\n\n\n<p>At\u00e9 o momento, n\u00e3o h\u00e1 informa\u00e7\u00f5es sobre feridos ou sobre as causas do inc\u00eandio. A Defesa Civil e o Corpo de Bombeiros foram acionados e acompanham a ocorr\u00eancia.<\/p>\n","protected":false},"excerpt":{"rendered":"<p>Um inc\u00eandio de grandes propor\u00e7\u00f5es atinge, neste momento, a Serra da Bocaina, regi\u00e3o conhecida como Serrinha, em Lavras. As chamas avan\u00e7am rapidamente pela vegeta\u00e7\u00e3o e j\u00e1 podem ser vistas de diversos pontos da cidade, formando uma densa cortina de fuma\u00e7a. Moradores relatam que o fogo come\u00e7ou ainda na tarde desta quinta-feira (11) e se espalhou [&hellip;]<\/p>\n","protected":false},"author":7,"featured_media":311302,"comment_status":"closed","ping_status":"closed","sticky":false,"template":"","format":"standard","meta":{"advanced_seo_description":"","jetpack_seo_html_title":"","jetpack_seo_noindex":false,"_jetpack_memberships_contains_paid_content":false,"footnotes":""},"categories":[4],"tags":[],"class_list":["post-311303","post","type-post","status-publish","format-standard","has-post-thumbnail","hentry","category-lavras"],"jetpack_featured_media_url":"https:\/\/i0.wp.com\/www.lavras24horas.com.br\/portal\/wp-content\/uploads\/2025\/09\/b907432e-7bcf-4df5-9b06-24e88a05bd5d.jpg?fit=1500%2C2000&ssl=1","jetpack_sharing_enabled":true,"jetpack_likes_enabled":true,"jetpack_shortlink":"https:\/\/wp.me\/p12djN-1iZ1","_links":{"self":[{"href":"https:\/\/www.lavras24horas.com.br\/portal\/wp-json\/wp\/v2\/posts\/311303","targetHints":{"allow":["GET"]}}],"collection":[{"href":"https:\/\/www.lavras24horas.com.br\/portal\/wp-json\/wp\/v2\/posts"}],"about":[{"href":"https:\/\/www.lavras24horas.com.br\/portal\/wp-json\/wp\/v2\/types\/post"}],"author":[{"embeddable":true,"href":"https:\/\/www.lavras24horas.com.br\/portal\/wp-json\/wp\/v2\/users\/7"}],"replies":[{"embeddable":true,"href":"https:\/\/www.lavras24horas.com.br\/portal\/wp-json\/wp\/v2\/comments?post=311303"}],"version-history":[{"count":1,"href":"https:\/\/www.lavras24horas.com.br\/portal\/wp-json\/wp\/v2\/posts\/311303\/revisions"}],"predecessor-version":[{"id":311304,"href":"https:\/\/www.lavras24horas.com.br\/portal\/wp-json\/wp\/v2\/posts\/311303\/revisions\/311304"}],"wp:featuredmedia":[{"embeddable":true,"href":"https:\/\/www.lavras24horas.com.br\/portal\/wp-json\/wp\/v2\/media\/311302"}],"wp:attachment":[{"href":"https:\/\/www.lavras24horas.com.br\/portal\/wp-json\/wp\/v2\/media?parent=311303"}],"wp:term":[{"taxonomy":"category","embeddable":true,"href":"https:\/\/www.lavras24horas.com.br\/portal\/wp-json\/wp\/v2\/categories?post=311303"},{"taxonomy":"post_tag","embeddable":true,"href":"https:\/\/www.lavras24horas.com.br\/portal\/wp-json\/wp\/v2\/tags?post=311303"}],"curies":[{"name":"wp","href":"https:\/\/api.w.org\/{rel}","templated":true}]}}