{"id":311267,"date":"2025-09-10T16:45:37","date_gmt":"2025-09-10T19:45:37","guid":{"rendered":"https:\/\/www.lavras24horas.com.br\/portal\/?p=311267"},"modified":"2025-09-10T16:45:37","modified_gmt":"2025-09-10T19:45:37","slug":"vacas-sao-flagradas-em-passeio-noturno-no-centro-de-lavras-veja-o-video","status":"publish","type":"post","link":"https:\/\/www.lavras24horas.com.br\/portal\/vacas-sao-flagradas-em-passeio-noturno-no-centro-de-lavras-veja-o-video\/","title":{"rendered":"Vacas s\u00e3o flagradas em passeio noturno no centro de Lavras, veja o v\u00eddeo"},"content":{"rendered":"\n<p class=\"p1\">Na madrugada desta quarta-feira (10), vacas foram flagradas passeando tranquilamente pela Avenida Padre Dehon, na esquina do Tiro de Guerra, no centro de Lavras. O motorista Rodrigo Ferreira, que passava pelo local, contou que precisou frear bruscamente para n\u00e3o atingir os animais.<\/p>\n\n\n\n<p class=\"p1\">A cena, apesar de inusitada, n\u00e3o \u00e9 novidade para os lavrenses. A presen\u00e7a de bovinos em vias urbanas tem se tornado frequente, gerando preocupa\u00e7\u00e3o quanto \u00e0 seguran\u00e7a no tr\u00e2nsito. Recentemente, a cidade chegou a repercutir na grande m\u00eddia ap\u00f3s o registro de vacas circulando no entorno do LavrasShopping, epis\u00f3dio que viralizou nas redes sociais.<\/p>\n\n\n\n<p class=\"p1\">Os casos chamam aten\u00e7\u00e3o para a necessidade de fiscaliza\u00e7\u00e3o e medidas preventivas por parte das autoridades, a fim de evitar acidentes e garantir maior seguran\u00e7a para motoristas e pedestres.<\/p>\n\n\n\n<figure class=\"wp-block-video\"><video height=\"850\" style=\"aspect-ratio: 478 \/ 850;\" width=\"478\" controls src=\"https:\/\/www.lavras24horas.com.br\/portal\/wp-content\/uploads\/2025\/09\/bf640a72-9873-403a-9898-8366416e6b67.mp4\"><\/video><\/figure>\n","protected":false},"excerpt":{"rendered":"<p>Na madrugada desta quarta-feira (10), vacas foram flagradas passeando tranquilamente pela Avenida Padre Dehon, na esquina do Tiro de Guerra, no centro de Lavras. O motorista Rodrigo Ferreira, que passava pelo local, contou que precisou frear bruscamente para n\u00e3o atingir os animais. A cena, apesar de inusitada, n\u00e3o \u00e9 novidade para os lavrenses. A presen\u00e7a [&hellip;]<\/p>\n","protected":false},"author":7,"featured_media":311266,"comment_status":"closed","ping_status":"closed","sticky":false,"template":"","format":"standard","meta":{"advanced_seo_description":"","jetpack_seo_html_title":"","jetpack_seo_noindex":false,"_jetpack_memberships_contains_paid_content":false,"footnotes":""},"categories":[4],"tags":[],"class_list":["post-311267","post","type-post","status-publish","format-standard","has-post-thumbnail","hentry","category-lavras"],"jetpack_featured_media_url":"https:\/\/i0.wp.com\/www.lavras24horas.com.br\/portal\/wp-content\/uploads\/2025\/09\/img_5477.jpg?fit=1290%2C1286&ssl=1","jetpack_sharing_enabled":true,"jetpack_likes_enabled":true,"_links":{"self":[{"href":"https:\/\/www.lavras24horas.com.br\/portal\/wp-json\/wp\/v2\/posts\/311267","targetHints":{"allow":["GET"]}}],"collection":[{"href":"https:\/\/www.lavras24horas.com.br\/portal\/wp-json\/wp\/v2\/posts"}],"about":[{"href":"https:\/\/www.lavras24horas.com.br\/portal\/wp-json\/wp\/v2\/types\/post"}],"author":[{"embeddable":true,"href":"https:\/\/www.lavras24horas.com.br\/portal\/wp-json\/wp\/v2\/users\/7"}],"replies":[{"embeddable":true,"href":"https:\/\/www.lavras24horas.com.br\/portal\/wp-json\/wp\/v2\/comments?post=311267"}],"version-history":[{"count":1,"href":"https:\/\/www.lavras24horas.com.br\/portal\/wp-json\/wp\/v2\/posts\/311267\/revisions"}],"predecessor-version":[{"id":311268,"href":"https:\/\/www.lavras24horas.com.br\/portal\/wp-json\/wp\/v2\/posts\/311267\/revisions\/311268"}],"wp:featuredmedia":[{"embeddable":true,"href":"https:\/\/www.lavras24horas.com.br\/portal\/wp-json\/wp\/v2\/media\/311266"}],"wp:attachment":[{"href":"https:\/\/www.lavras24horas.com.br\/portal\/wp-json\/wp\/v2\/media?parent=311267"}],"wp:term":[{"taxonomy":"category","embeddable":true,"href":"https:\/\/www.lavras24horas.com.br\/portal\/wp-json\/wp\/v2\/categories?post=311267"},{"taxonomy":"post_tag","embeddable":true,"href":"https:\/\/www.lavras24horas.com.br\/portal\/wp-json\/wp\/v2\/tags?post=311267"}],"curies":[{"name":"wp","href":"https:\/\/api.w.org\/{rel}","templated":true}]}}