{"id":310979,"date":"2025-09-02T16:57:40","date_gmt":"2025-09-02T19:57:40","guid":{"rendered":"https:\/\/www.lavras24horas.com.br\/portal\/?p=310979"},"modified":"2025-09-02T16:57:40","modified_gmt":"2025-09-02T19:57:40","slug":"com-bolsonaro-e-aliados-no-banco-dos-reus-stf-inicia-julgamento-por-tentativa-de-golpe-2","status":"publish","type":"post","link":"https:\/\/www.lavras24horas.com.br\/portal\/com-bolsonaro-e-aliados-no-banco-dos-reus-stf-inicia-julgamento-por-tentativa-de-golpe-2\/","title":{"rendered":"Com Bolsonaro e aliados no banco dos r\u00e9us, STF inicia julgamento por tentativa de golpe"},"content":{"rendered":"\n<p>O Supremo Tribunal Federal (STF) come\u00e7ou nesta ter\u00e7a-feira (2\/9) o julgamento do ex-presidente Jair Bolsonaro e sete aliados, acusados de planejar um golpe de Estado para anular as elei\u00e7\u00f5es de 2022. A sess\u00e3o, na Primeira Turma, \u00e9 relatada por Alexandre de Moraes, com forte seguran\u00e7a na Pra\u00e7a dos Tr\u00eas Poderes, incluindo grades e varreduras policiais.<br \/>Mais de 3 mil pessoas se inscreveram para acompanhar, com 501 jornalistas credenciados. O julgamento, transmitido ao vivo, ocorre em v\u00e1rias datas: 2\/9 (9h-12h e 14h-19h), 3\/9 (9h-12h), 9\/9 (9h-12h e 14h-19h), 10\/9 (9h-12h) e 12\/9 (9h-12h e 14h-19h).<\/p>\n\n\n\n<p>Os r\u00e9us, n\u00facleo da suposta organiza\u00e7\u00e3o criminosa, s\u00e3o:<\/p>\n\n\n\n<ul class=\"wp-block-list\">\n<li>Jair Bolsonaro: L\u00edder da trama, acusado de tentativa de golpe, aboli\u00e7\u00e3o do Estado Democr\u00e1tico e organiza\u00e7\u00e3o criminosa.<\/li>\n\n\n\n<li>Alexandre Ramagem: Ex-Abin, acusado de espalhar fake news eleitorais.<\/li>\n\n\n\n<li>Almir Garnier Santos: Ex-comandante da Marinha, apoiou golpe.<\/li>\n\n\n\n<li>Anderson Torres: Ex-ministro, assessorou juridicamente; minuta golpista achada em sua casa.<\/li>\n\n\n\n<li>Augusto Heleno: Ex-GSI, planejou descredibilizar urnas.<\/li>\n\n\n\n<li>Mauro Cid: Ex-ajudante e delator, participou de reuni\u00f5es golpistas.<\/li>\n\n\n\n<li>Paulo S\u00e9rgio Nogueira: Ex-ministro, sugeriu decreto para anular elei\u00e7\u00f5es.<\/li>\n\n\n\n<li>Walter Braga Netto: Ex-ministro, financiou a\u00e7\u00f5es e planejou atentado.<\/li>\n<\/ul>\n\n\n\n<p>Acusa\u00e7\u00f5es incluem tentativa de golpe, organiza\u00e7\u00e3o criminosa armada e danos a patrim\u00f4nio.<br \/>Na abertura, Cristiano Zanin preside. Moraes l\u00ea relat\u00f3rio, seguido por Paulo Gonet (2h), pedindo condena\u00e7\u00f5es. Advogados t\u00eam 1h cada. Voto de Moraes \u00e9 esperado para 9\/9.<\/p>\n\n\n\n<p>Apenas Nogueira est\u00e1 presente; Bolsonaro assiste pela TV. A a\u00e7\u00e3o baseia-se em investiga\u00e7\u00f5es da PF e dela\u00e7\u00f5es de Cid sobre a conspira\u00e7\u00e3o para manter Bolsonaro no poder.<\/p>\n\n\n\n<p>Fonte: Metr\u00f3poles<\/p>\n","protected":false},"excerpt":{"rendered":"<p>O Supremo Tribunal Federal (STF) come\u00e7ou nesta ter\u00e7a-feira (2\/9) o julgamento do ex-presidente Jair Bolsonaro e sete aliados, acusados de planejar um golpe de Estado para anular as elei\u00e7\u00f5es de 2022. A sess\u00e3o, na Primeira Turma, \u00e9 relatada por Alexandre de Moraes, com forte seguran\u00e7a na Pra\u00e7a dos Tr\u00eas Poderes, incluindo grades e varreduras policiais.Mais [&hellip;]<\/p>\n","protected":false},"author":7,"featured_media":310963,"comment_status":"closed","ping_status":"closed","sticky":false,"template":"","format":"standard","meta":{"advanced_seo_description":"","jetpack_seo_html_title":"","jetpack_seo_noindex":false,"_jetpack_memberships_contains_paid_content":false,"footnotes":""},"categories":[31047],"tags":[],"class_list":["post-310979","post","type-post","status-publish","format-standard","has-post-thumbnail","hentry","category-brasil"],"jetpack_featured_media_url":"https:\/\/i0.wp.com\/www.lavras24horas.com.br\/portal\/wp-content\/uploads\/2025\/09\/4d54712d-f104-41d1-b2ec-0bfb65a82179.jpg?fit=1600%2C1065&ssl=1","jetpack_sharing_enabled":true,"jetpack_likes_enabled":true,"jetpack_shortlink":"https:\/\/wp.me\/p12djN-1iTN","_links":{"self":[{"href":"https:\/\/www.lavras24horas.com.br\/portal\/wp-json\/wp\/v2\/posts\/310979","targetHints":{"allow":["GET"]}}],"collection":[{"href":"https:\/\/www.lavras24horas.com.br\/portal\/wp-json\/wp\/v2\/posts"}],"about":[{"href":"https:\/\/www.lavras24horas.com.br\/portal\/wp-json\/wp\/v2\/types\/post"}],"author":[{"embeddable":true,"href":"https:\/\/www.lavras24horas.com.br\/portal\/wp-json\/wp\/v2\/users\/7"}],"replies":[{"embeddable":true,"href":"https:\/\/www.lavras24horas.com.br\/portal\/wp-json\/wp\/v2\/comments?post=310979"}],"version-history":[{"count":1,"href":"https:\/\/www.lavras24horas.com.br\/portal\/wp-json\/wp\/v2\/posts\/310979\/revisions"}],"predecessor-version":[{"id":310980,"href":"https:\/\/www.lavras24horas.com.br\/portal\/wp-json\/wp\/v2\/posts\/310979\/revisions\/310980"}],"wp:featuredmedia":[{"embeddable":true,"href":"https:\/\/www.lavras24horas.com.br\/portal\/wp-json\/wp\/v2\/media\/310963"}],"wp:attachment":[{"href":"https:\/\/www.lavras24horas.com.br\/portal\/wp-json\/wp\/v2\/media?parent=310979"}],"wp:term":[{"taxonomy":"category","embeddable":true,"href":"https:\/\/www.lavras24horas.com.br\/portal\/wp-json\/wp\/v2\/categories?post=310979"},{"taxonomy":"post_tag","embeddable":true,"href":"https:\/\/www.lavras24horas.com.br\/portal\/wp-json\/wp\/v2\/tags?post=310979"}],"curies":[{"name":"wp","href":"https:\/\/api.w.org\/{rel}","templated":true}]}}