{"id":310862,"date":"2025-08-28T22:37:49","date_gmt":"2025-08-29T01:37:49","guid":{"rendered":"https:\/\/www.lavras24horas.com.br\/portal\/?p=310862"},"modified":"2025-08-28T22:37:49","modified_gmt":"2025-08-29T01:37:49","slug":"deputado-pedro-aihara-cumpre-agenda-em-lavras-mg-no-dia-1-de-setembro","status":"publish","type":"post","link":"https:\/\/www.lavras24horas.com.br\/portal\/deputado-pedro-aihara-cumpre-agenda-em-lavras-mg-no-dia-1-de-setembro\/","title":{"rendered":"Deputado Pedro Aihara cumpre agenda em Lavras (MG) no dia 1\u00b0 de setembro"},"content":{"rendered":"<p style=\"text-align: justify;\">O deputado federal Pedro Aihara cumpre agenda oficial em Lavras (MG) na pr\u00f3xima segunda-feira, 1\u00ba de setembro de 2025.<\/p>\n<p style=\"text-align: justify;\">\u00c0s 16h, ele visita a 2\u00aa Companhia do 1\u00ba Pelot\u00e3o do 9\u00ba Batalh\u00e3o de Bombeiros Militar, localizada na Avenida Ernesto Matiolli, 918 \u2013 Bairro Santa Efig\u00eania. O encontro contar\u00e1 com a presen\u00e7a do Comandante da Companhia, 1\u00ba Tenente BM Alex Resende, j\u00e1 ciente da agenda. A visita refor\u00e7a o compromisso do deputado com o fortalecimento da estrutura dos Corpos de Bombeiros de Minas Gerais, reconhecendo a import\u00e2ncia estrat\u00e9gica da corpora\u00e7\u00e3o para a seguran\u00e7a, preven\u00e7\u00e3o e resposta a emerg\u00eancias em todo o estado.<\/p>\n<p style=\"text-align: justify;\">Na sequ\u00eancia, \u00e0s 19h, o deputado participa de uma palestra no Audit\u00f3rio do Unilavras, promovida pelos Cursos de Direito e Psicologia, com o tema \u201cNosso Prop\u00f3sito\u201d. Conhecido nacionalmente por sua atua\u00e7\u00e3o como porta-voz do Corpo de Bombeiros de Minas Gerais em Brumadinho, Pedro Aihara compartilhar\u00e1 sua trajet\u00f3ria, marcada por lideran\u00e7a, supera\u00e7\u00e3o e compromisso social.<\/p>\n<p style=\"text-align: justify;\">As inscri\u00e7\u00f5es s\u00e3o gratuitas, limitadas e podem ser realizadas no site do Unilavras.<\/p>\n<p style=\"text-align: justify;\">Com essas agendas, o parlamentar refor\u00e7a sua proximidade com a regi\u00e3o de Lavras, ouvindo demandas locais e contribuindo com reflex\u00f5es sobre prop\u00f3sito, cidadania e o papel da juventude na constru\u00e7\u00e3o de um futuro melhor para Minas e para o Brasil.<\/p>\n<p style=\"text-align: justify;\">Pedro Aihara \u00e9 Deputado Federal e oficial do Corpo de Bombeiros Militar de Minas Gerais, institui\u00e7\u00e3o na qual atuou por mais de uma d\u00e9cada como porta-voz e gerenciando opera\u00e7\u00f5es de grande impacto, como o rompimento da barragem em Brumadinho. \u00c9 mestre em Direito (UFMG), especialista em Gest\u00e3o P\u00fablica (UFJF), Gest\u00e3o de Projetos (USP) e Gest\u00e3o de Projetos (FDC). Presidente da Frente Parlamentar de Gest\u00e3o do Risco de Desastres e Coopera\u00e7\u00e3o Humanit\u00e1ria, foi eleito o melhor parlamentar de MG pelo Ranking dos Pol\u00edticos (2023).<\/p>\n","protected":false},"excerpt":{"rendered":"<p>O deputado federal Pedro Aihara cumpre agenda oficial em Lavras (MG) na pr\u00f3xima segunda-feira, 1\u00ba de setembro de 2025. \u00c0s 16h, ele visita a 2\u00aa Companhia do 1\u00ba Pelot\u00e3o do 9\u00ba Batalh\u00e3o de Bombeiros Militar, localizada na Avenida Ernesto Matiolli, 918 \u2013 Bairro Santa Efig\u00eania. O encontro contar\u00e1 com a presen\u00e7a do Comandante da Companhia, [&hellip;]<\/p>\n","protected":false},"author":7,"featured_media":310863,"comment_status":"closed","ping_status":"closed","sticky":false,"template":"","format":"standard","meta":{"advanced_seo_description":"","jetpack_seo_html_title":"","jetpack_seo_noindex":false,"_jetpack_memberships_contains_paid_content":false,"footnotes":""},"categories":[4],"tags":[],"class_list":["post-310862","post","type-post","status-publish","format-standard","has-post-thumbnail","hentry","category-lavras"],"jetpack_featured_media_url":"https:\/\/i0.wp.com\/www.lavras24horas.com.br\/portal\/wp-content\/uploads\/2025\/08\/IMG-20250828-WA0086.jpg?fit=1304%2C869&ssl=1","jetpack_sharing_enabled":true,"jetpack_likes_enabled":true,"_links":{"self":[{"href":"https:\/\/www.lavras24horas.com.br\/portal\/wp-json\/wp\/v2\/posts\/310862","targetHints":{"allow":["GET"]}}],"collection":[{"href":"https:\/\/www.lavras24horas.com.br\/portal\/wp-json\/wp\/v2\/posts"}],"about":[{"href":"https:\/\/www.lavras24horas.com.br\/portal\/wp-json\/wp\/v2\/types\/post"}],"author":[{"embeddable":true,"href":"https:\/\/www.lavras24horas.com.br\/portal\/wp-json\/wp\/v2\/users\/7"}],"replies":[{"embeddable":true,"href":"https:\/\/www.lavras24horas.com.br\/portal\/wp-json\/wp\/v2\/comments?post=310862"}],"version-history":[{"count":1,"href":"https:\/\/www.lavras24horas.com.br\/portal\/wp-json\/wp\/v2\/posts\/310862\/revisions"}],"predecessor-version":[{"id":310864,"href":"https:\/\/www.lavras24horas.com.br\/portal\/wp-json\/wp\/v2\/posts\/310862\/revisions\/310864"}],"wp:featuredmedia":[{"embeddable":true,"href":"https:\/\/www.lavras24horas.com.br\/portal\/wp-json\/wp\/v2\/media\/310863"}],"wp:attachment":[{"href":"https:\/\/www.lavras24horas.com.br\/portal\/wp-json\/wp\/v2\/media?parent=310862"}],"wp:term":[{"taxonomy":"category","embeddable":true,"href":"https:\/\/www.lavras24horas.com.br\/portal\/wp-json\/wp\/v2\/categories?post=310862"},{"taxonomy":"post_tag","embeddable":true,"href":"https:\/\/www.lavras24horas.com.br\/portal\/wp-json\/wp\/v2\/tags?post=310862"}],"curies":[{"name":"wp","href":"https:\/\/api.w.org\/{rel}","templated":true}]}}