{"id":309601,"date":"2025-07-28T10:59:49","date_gmt":"2025-07-28T13:59:49","guid":{"rendered":"https:\/\/www.lavras24horas.com.br\/portal\/?p=309601"},"modified":"2025-07-28T10:59:49","modified_gmt":"2025-07-28T13:59:49","slug":"choque-em-tres-coracoes-fabrica-de-racao-da-adm-fecha-as-portas-e-deixa-quase-1-000-sem-emprego","status":"publish","type":"post","link":"https:\/\/www.lavras24horas.com.br\/portal\/choque-em-tres-coracoes-fabrica-de-racao-da-adm-fecha-as-portas-e-deixa-quase-1-000-sem-emprego\/","title":{"rendered":"Choque em Tr\u00eas Cora\u00e7\u00f5es: Fabrica de Ra\u00e7\u00e3o da ADM Fecha as Portas e Deixa Quase 1.000 Sem Emprego"},"content":{"rendered":"\n<p>A multinacional ADM Nutri\u00e7\u00e3o Animal anunciou o fechamento definitivo de sua f\u00e1brica em Tr\u00eas Cora\u00e7\u00f5es (MG), com desativa\u00e7\u00e3o total prevista em at\u00e9 90 dias ap\u00f3s o comunicado oficial feito em 15 de julho. A unidade, que produzia ra\u00e7\u00e3o animal e era uma das maiores empregadoras da cidade, chegou a empregar cerca de 900 pessoas diretamente, al\u00e9m de centenas de empregos indiretos.<\/p>\n\n\n\n<p>A decis\u00e3o ocorreu ap\u00f3s mais de um ano de tentativas fracassadas de vender a planta, avaliada entre R$ 1 bilh\u00e3o e R$ 1,5 bilh\u00e3o. Com a aus\u00eancia de compradores, a empresa optou pelo encerramento das atividades.<\/p>\n\n\n\n<p>O fechamento da f\u00e1brica representa um duro golpe para a economia local. Sindicatos j\u00e1 iniciaram assembleias com trabalhadores para discutir direitos, indeniza\u00e7\u00f5es e estrat\u00e9gias de reinser\u00e7\u00e3o no mercado. Estima-se que at\u00e9 300 empregos indiretos tamb\u00e9m sejam impactados, entre fornecedores, transportadoras e prestadores de servi\u00e7o.<\/p>\n\n\n\n<p>Fundada originalmente como Ra\u00e7\u00f5es Total, a unidade foi adquirida pela ADM em 2019. Com capacidade para produzir at\u00e9 500 mil toneladas de ra\u00e7\u00e3o por ano, a planta atendia todo o territ\u00f3rio nacional e parte do mercado internacional, sendo refer\u00eancia no setor agropecu\u00e1rio.<\/p>\n\n\n\n<p>A Prefeitura ainda n\u00e3o se pronunciou oficialmente, mas fontes indicam que h\u00e1 articula\u00e7\u00f5es junto ao Governo de Minas para tentar mitigar os impactos do encerramento. Enquanto isso, trabalhadores vivem a ang\u00fastia da incerteza sobre o futuro.<\/p>\n","protected":false},"excerpt":{"rendered":"<p>A multinacional ADM Nutri\u00e7\u00e3o Animal anunciou o fechamento definitivo de sua f\u00e1brica em Tr\u00eas Cora\u00e7\u00f5es (MG), com desativa\u00e7\u00e3o total prevista em at\u00e9 90 dias ap\u00f3s o comunicado oficial feito em 15 de julho. A unidade, que produzia ra\u00e7\u00e3o animal e era uma das maiores empregadoras da cidade, chegou a empregar cerca de 900 pessoas diretamente, [&hellip;]<\/p>\n","protected":false},"author":7,"featured_media":309600,"comment_status":"closed","ping_status":"closed","sticky":false,"template":"","format":"standard","meta":{"advanced_seo_description":"","jetpack_seo_html_title":"","jetpack_seo_noindex":false,"_jetpack_memberships_contains_paid_content":false,"footnotes":""},"categories":[12],"tags":[],"class_list":["post-309601","post","type-post","status-publish","format-standard","has-post-thumbnail","hentry","category-destaques-1"],"jetpack_featured_media_url":"https:\/\/i0.wp.com\/www.lavras24horas.com.br\/portal\/wp-content\/uploads\/2025\/07\/31b60874-8984-498d-a90a-3df23871a3db.jpg?fit=1080%2C764&ssl=1","jetpack_sharing_enabled":true,"jetpack_likes_enabled":true,"jetpack_shortlink":"https:\/\/wp.me\/p12djN-1ixz","_links":{"self":[{"href":"https:\/\/www.lavras24horas.com.br\/portal\/wp-json\/wp\/v2\/posts\/309601","targetHints":{"allow":["GET"]}}],"collection":[{"href":"https:\/\/www.lavras24horas.com.br\/portal\/wp-json\/wp\/v2\/posts"}],"about":[{"href":"https:\/\/www.lavras24horas.com.br\/portal\/wp-json\/wp\/v2\/types\/post"}],"author":[{"embeddable":true,"href":"https:\/\/www.lavras24horas.com.br\/portal\/wp-json\/wp\/v2\/users\/7"}],"replies":[{"embeddable":true,"href":"https:\/\/www.lavras24horas.com.br\/portal\/wp-json\/wp\/v2\/comments?post=309601"}],"version-history":[{"count":1,"href":"https:\/\/www.lavras24horas.com.br\/portal\/wp-json\/wp\/v2\/posts\/309601\/revisions"}],"predecessor-version":[{"id":309602,"href":"https:\/\/www.lavras24horas.com.br\/portal\/wp-json\/wp\/v2\/posts\/309601\/revisions\/309602"}],"wp:featuredmedia":[{"embeddable":true,"href":"https:\/\/www.lavras24horas.com.br\/portal\/wp-json\/wp\/v2\/media\/309600"}],"wp:attachment":[{"href":"https:\/\/www.lavras24horas.com.br\/portal\/wp-json\/wp\/v2\/media?parent=309601"}],"wp:term":[{"taxonomy":"category","embeddable":true,"href":"https:\/\/www.lavras24horas.com.br\/portal\/wp-json\/wp\/v2\/categories?post=309601"},{"taxonomy":"post_tag","embeddable":true,"href":"https:\/\/www.lavras24horas.com.br\/portal\/wp-json\/wp\/v2\/tags?post=309601"}],"curies":[{"name":"wp","href":"https:\/\/api.w.org\/{rel}","templated":true}]}}