{"id":309228,"date":"2025-07-13T15:24:01","date_gmt":"2025-07-13T18:24:01","guid":{"rendered":"https:\/\/www.lavras24horas.com.br\/portal\/?p=309228"},"modified":"2025-07-13T15:24:01","modified_gmt":"2025-07-13T18:24:01","slug":"mec-quer-estender-pe-de-meia-a-todos-do-ensino-medio-da-rede-publica","status":"publish","type":"post","link":"https:\/\/www.lavras24horas.com.br\/portal\/mec-quer-estender-pe-de-meia-a-todos-do-ensino-medio-da-rede-publica\/","title":{"rendered":"MEC quer estender P\u00e9-de-Meia a todos do ensino m\u00e9dio da rede p\u00fablica"},"content":{"rendered":"\n<p>\u201cEu tenho debatido muito isso com os pr\u00f3prios presidentes das Casas [C\u00e2mera e Senado], com a pr\u00f3pria Comiss\u00e3o de Educa\u00e7\u00e3o sobre a import\u00e2ncia de a gente garantir, no or\u00e7amento do ano que vem, a possibilidade de ampliar os recursos para universalizar o P\u00e9-de-Meia no Brasil.\u201d<\/p>\n\n\n\n<p>O ministro relata que, ao ser lan\u00e7ado em janeiro de 2024, o P\u00e9-de-Meia foi, inicialmente, destinado aos benefici\u00e1rios do programa Bolsa Fam\u00edlia. No segundo semestre, a chamada \u201cpoupan\u00e7a do ensino m\u00e9dio\u201d foi ampliada aos estudantes da rede p\u00fablica com inscri\u00e7\u00e3o ativa no Cadastro \u00danico de Programas Sociais do governo federal (Cad\u00fanico), o que possibilitou o crescimento do n\u00famero de benefici\u00e1rios de 2,5 milh\u00f5es para mais de 4 milh\u00f5es de jovens do ensino m\u00e9dio p\u00fablico, em um ano.<\/p>\n\n\n\n<p>Camilo Santana explica que, atualmente, a renda familiar por pessoa \u00e9 o crit\u00e9rio para ter inscri\u00e7\u00e3o ativa no Cad\u00danico e, portanto, delimita quem tem direito \u00e0s parcelas do benef\u00edcio do programa de incentivo financeiro-educacional, que somadas podem chegar a R$ 9,2 mil nos tr\u00eas anos letivos do ensino m\u00e9dio.<\/p>\n\n\n\n<p>\u201c\u00c0s vezes, a diferen\u00e7a um aluno e outro, dentro da sala de aula, \u00e9 t\u00e3o pequena na quest\u00e3o do Cad\u00danico, na renda per capita, que n\u00e3o justificaria que ele tamb\u00e9m n\u00e3o tenha recebido o P\u00e9-de-Meia\u201d, exemplificou.<\/p>\n\n\n\n<p>P\u00e9-de-Meia<\/p>\n\n\n\n<p>O programa federal tem o objetivo de promover a perman\u00eancia e a conclus\u00e3o escolar de estudantes matriculados no ensino m\u00e9dio p\u00fablico e, desta forma, democratizar o acesso e reduzir a desigualdade social entre os jovens.<\/p>\n\n\n\n<p>Ag\u00eancia Brasil<\/p>\n","protected":false},"excerpt":{"rendered":"<p>\u201cEu tenho debatido muito isso com os pr\u00f3prios presidentes das Casas [C\u00e2mera e Senado], com a pr\u00f3pria Comiss\u00e3o de Educa\u00e7\u00e3o sobre a import\u00e2ncia de a gente garantir, no or\u00e7amento do ano que vem, a possibilidade de ampliar os recursos para universalizar o P\u00e9-de-Meia no Brasil.\u201d O ministro relata que, ao ser lan\u00e7ado em janeiro de [&hellip;]<\/p>\n","protected":false},"author":7,"featured_media":309230,"comment_status":"closed","ping_status":"closed","sticky":false,"template":"","format":"standard","meta":{"advanced_seo_description":"","jetpack_seo_html_title":"","jetpack_seo_noindex":false,"_jetpack_memberships_contains_paid_content":false,"footnotes":""},"categories":[13,31037],"tags":[],"class_list":["post-309228","post","type-post","status-publish","format-standard","has-post-thumbnail","hentry","category-laterais-1","category-politica"],"jetpack_featured_media_url":"https:\/\/i0.wp.com\/www.lavras24horas.com.br\/portal\/wp-content\/uploads\/2025\/07\/img_3226-1.jpg?fit=900%2C1200&ssl=1","jetpack_sharing_enabled":true,"jetpack_likes_enabled":true,"_links":{"self":[{"href":"https:\/\/www.lavras24horas.com.br\/portal\/wp-json\/wp\/v2\/posts\/309228","targetHints":{"allow":["GET"]}}],"collection":[{"href":"https:\/\/www.lavras24horas.com.br\/portal\/wp-json\/wp\/v2\/posts"}],"about":[{"href":"https:\/\/www.lavras24horas.com.br\/portal\/wp-json\/wp\/v2\/types\/post"}],"author":[{"embeddable":true,"href":"https:\/\/www.lavras24horas.com.br\/portal\/wp-json\/wp\/v2\/users\/7"}],"replies":[{"embeddable":true,"href":"https:\/\/www.lavras24horas.com.br\/portal\/wp-json\/wp\/v2\/comments?post=309228"}],"version-history":[{"count":1,"href":"https:\/\/www.lavras24horas.com.br\/portal\/wp-json\/wp\/v2\/posts\/309228\/revisions"}],"predecessor-version":[{"id":309229,"href":"https:\/\/www.lavras24horas.com.br\/portal\/wp-json\/wp\/v2\/posts\/309228\/revisions\/309229"}],"wp:featuredmedia":[{"embeddable":true,"href":"https:\/\/www.lavras24horas.com.br\/portal\/wp-json\/wp\/v2\/media\/309230"}],"wp:attachment":[{"href":"https:\/\/www.lavras24horas.com.br\/portal\/wp-json\/wp\/v2\/media?parent=309228"}],"wp:term":[{"taxonomy":"category","embeddable":true,"href":"https:\/\/www.lavras24horas.com.br\/portal\/wp-json\/wp\/v2\/categories?post=309228"},{"taxonomy":"post_tag","embeddable":true,"href":"https:\/\/www.lavras24horas.com.br\/portal\/wp-json\/wp\/v2\/tags?post=309228"}],"curies":[{"name":"wp","href":"https:\/\/api.w.org\/{rel}","templated":true}]}}