{"id":309170,"date":"2025-07-10T17:45:07","date_gmt":"2025-07-10T20:45:07","guid":{"rendered":"https:\/\/www.lavras24horas.com.br\/portal\/?p=309170"},"modified":"2025-07-10T17:45:07","modified_gmt":"2025-07-10T20:45:07","slug":"avenida-silvio-menicucci-sera-interditada-neste-domingo-para-corrida-de-rua-em-lavras","status":"publish","type":"post","link":"https:\/\/www.lavras24horas.com.br\/portal\/avenida-silvio-menicucci-sera-interditada-neste-domingo-para-corrida-de-rua-em-lavras\/","title":{"rendered":"Avenida Silvio Menicucci ser\u00e1 interditada neste domingo para corrida de rua em Lavras"},"content":{"rendered":"\n<p>Aten\u00e7\u00e3o, motoristas e pedestres! Neste domingo (14), a Avenida S\u00edlvio Menicucci (Perimetral), em Lavras, ficar\u00e1 totalmente interditada nos dois sentidos entre 7h e 9h da manh\u00e3 para a realiza\u00e7\u00e3o de mais uma etapa do Circuito Lavrense de Corridas de Rua.<\/p>\n\n\n\n<p>O evento, que re\u00fane atletas amadores e profissionais da cidade e da regi\u00e3o, tem como objetivo promover a pr\u00e1tica esportiva e a qualidade de vida, al\u00e9m de movimentar o calend\u00e1rio esportivo local. A corrida contar\u00e1 com estrutura especial de apoio e seguran\u00e7a, incluindo agentes de tr\u00e2nsito e equipe m\u00e9dica de prontid\u00e3o.<\/p>\n\n\n\n<p>A organiza\u00e7\u00e3o orienta que os motoristas busquem rotas alternativas durante o per\u00edodo de interdi\u00e7\u00e3o e que redobrem a aten\u00e7\u00e3o nas vias pr\u00f3ximas ao trajeto da corrida.<\/p>\n\n\n\n<p>O Circuito Lavrense tem atra\u00eddo cada vez mais participantes a cada edi\u00e7\u00e3o e se consolida como um importante incentivo \u00e0 atividade f\u00edsica e \u00e0 conviv\u00eancia comunit\u00e1ria.<\/p>\n","protected":false},"excerpt":{"rendered":"<p>Aten\u00e7\u00e3o, motoristas e pedestres! Neste domingo (14), a Avenida S\u00edlvio Menicucci (Perimetral), em Lavras, ficar\u00e1 totalmente interditada nos dois sentidos entre 7h e 9h da manh\u00e3 para a realiza\u00e7\u00e3o de mais uma etapa do Circuito Lavrense de Corridas de Rua. O evento, que re\u00fane atletas amadores e profissionais da cidade e da regi\u00e3o, tem como [&hellip;]<\/p>\n","protected":false},"author":7,"featured_media":309169,"comment_status":"closed","ping_status":"closed","sticky":false,"template":"","format":"standard","meta":{"advanced_seo_description":"","jetpack_seo_html_title":"","jetpack_seo_noindex":false,"_jetpack_memberships_contains_paid_content":false,"footnotes":""},"categories":[12],"tags":[],"class_list":["post-309170","post","type-post","status-publish","format-standard","has-post-thumbnail","hentry","category-destaques-1"],"jetpack_featured_media_url":"https:\/\/i0.wp.com\/www.lavras24horas.com.br\/portal\/wp-content\/uploads\/2025\/07\/img_3010-1.jpg?fit=638%2C480&ssl=1","jetpack_sharing_enabled":true,"jetpack_likes_enabled":true,"_links":{"self":[{"href":"https:\/\/www.lavras24horas.com.br\/portal\/wp-json\/wp\/v2\/posts\/309170","targetHints":{"allow":["GET"]}}],"collection":[{"href":"https:\/\/www.lavras24horas.com.br\/portal\/wp-json\/wp\/v2\/posts"}],"about":[{"href":"https:\/\/www.lavras24horas.com.br\/portal\/wp-json\/wp\/v2\/types\/post"}],"author":[{"embeddable":true,"href":"https:\/\/www.lavras24horas.com.br\/portal\/wp-json\/wp\/v2\/users\/7"}],"replies":[{"embeddable":true,"href":"https:\/\/www.lavras24horas.com.br\/portal\/wp-json\/wp\/v2\/comments?post=309170"}],"version-history":[{"count":1,"href":"https:\/\/www.lavras24horas.com.br\/portal\/wp-json\/wp\/v2\/posts\/309170\/revisions"}],"predecessor-version":[{"id":309171,"href":"https:\/\/www.lavras24horas.com.br\/portal\/wp-json\/wp\/v2\/posts\/309170\/revisions\/309171"}],"wp:featuredmedia":[{"embeddable":true,"href":"https:\/\/www.lavras24horas.com.br\/portal\/wp-json\/wp\/v2\/media\/309169"}],"wp:attachment":[{"href":"https:\/\/www.lavras24horas.com.br\/portal\/wp-json\/wp\/v2\/media?parent=309170"}],"wp:term":[{"taxonomy":"category","embeddable":true,"href":"https:\/\/www.lavras24horas.com.br\/portal\/wp-json\/wp\/v2\/categories?post=309170"},{"taxonomy":"post_tag","embeddable":true,"href":"https:\/\/www.lavras24horas.com.br\/portal\/wp-json\/wp\/v2\/tags?post=309170"}],"curies":[{"name":"wp","href":"https:\/\/api.w.org\/{rel}","templated":true}]}}