{"id":307635,"date":"2025-05-20T08:21:35","date_gmt":"2025-05-20T11:21:35","guid":{"rendered":"https:\/\/www.lavras24horas.com.br\/portal\/?p=307635"},"modified":"2025-05-20T08:24:51","modified_gmt":"2025-05-20T11:24:51","slug":"justica-da-20-dias-para-governo-federal-explicar-gastos-das-viagens-de-janja-lula-da-silva","status":"publish","type":"post","link":"https:\/\/www.lavras24horas.com.br\/portal\/justica-da-20-dias-para-governo-federal-explicar-gastos-das-viagens-de-janja-lula-da-silva\/","title":{"rendered":"Justi\u00e7a d\u00e1 20 dias para governo federal explicar gastos das viagens de Janja Lula da Silva"},"content":{"rendered":"<p style=\"text-align: justify;\">A Justi\u00e7a Federal determinou, nesta segunda-feira (20), que o governo federal tem o prazo de 20 dias para apresentar explica\u00e7\u00f5es detalhadas sobre os gastos p\u00fablicos relacionados \u00e0s viagens da soci\u00f3loga Ros\u00e2ngela da Silva, conhecida como Janja, esposa do presidente Luiz In\u00e1cio Lula da Silva (PT).<\/p>\n<p style=\"text-align: justify;\">A decis\u00e3o foi proferida em resposta a uma a\u00e7\u00e3o popular movida por entidades da sociedade civil e apoiada por parlamentares da oposi\u00e7\u00e3o, que exigem maior transpar\u00eancia nos custos e justificativas das despesas feitas com recursos p\u00fablicos nas viagens realizadas pela primeira-dama desde o in\u00edcio do atual mandato presidencial.<\/p>\n<p style=\"text-align: justify;\">Segundo os autores da a\u00e7\u00e3o, h\u00e1 suspeitas de \u201cfalta de razoabilidade\u201d nos gastos e aus\u00eancia de presta\u00e7\u00e3o de contas adequada sobre a participa\u00e7\u00e3o de Janja em eventos oficiais e internacionais, muitos dos quais n\u00e3o teriam liga\u00e7\u00e3o direta com fun\u00e7\u00f5es institucionais. O processo cita passagens a\u00e9reas, hospedagens, seguran\u00e7as e di\u00e1rias como itens que estariam sob questionamento.<\/p>\n<p style=\"text-align: justify;\">A decis\u00e3o judicial determina que a Presid\u00eancia da Rep\u00fablica e o Minist\u00e9rio da Casa Civil apresentem, em at\u00e9 20 dias, documentos que detalhem os valores gastos, os roteiros das viagens, a motiva\u00e7\u00e3o oficial de cada deslocamento e a previs\u00e3o or\u00e7ament\u00e1ria utilizada.<\/p>\n<p style=\"text-align: justify;\">Em nota, o Pal\u00e1cio do Planalto afirmou que Janja participa de compromissos oficiais em nome do governo, especialmente nas \u00e1reas de cultura, direitos humanos e meio ambiente, e que todos os gastos seguem as normas de transpar\u00eancia e controle previstas pela administra\u00e7\u00e3o p\u00fablica.<\/p>\n<p style=\"text-align: justify;\">A Controladoria-Geral da Uni\u00e3o (CGU) tamb\u00e9m foi oficiada para acompanhar o processo e verificar a regularidade das despesas.<\/p>\n<p style=\"text-align: justify;\">A pol\u00eamica reacende o debate sobre o papel das primeiras-damas em agendas oficiais e os limites do uso de verbas p\u00fablicas em atividades institucionais que envolvam familiares de chefes do Executivo. Especialistas em direito p\u00fablico avaliam que, embora n\u00e3o haja impedimento legal para que a primeira-dama acompanhe o presidente ou participe de eventos oficiais, os gastos devem ser sempre devidamente justificados e documentados.<\/p>\n<p style=\"text-align: justify;\">A decis\u00e3o da Justi\u00e7a representa mais um cap\u00edtulo da crescente judicializa\u00e7\u00e3o envolvendo figuras do alto escal\u00e3o do governo, num cen\u00e1rio pol\u00edtico j\u00e1 marcado por tens\u00f5es entre Executivo, Judici\u00e1rio e oposi\u00e7\u00e3o.<\/p>\n<p style=\"text-align: justify;\">A resposta oficial do governo deve ser apresentada at\u00e9 o in\u00edcio de junho. Caso o prazo n\u00e3o seja cumprido, a Uni\u00e3o poder\u00e1 ser multada e responsabilizada por desobedi\u00eancia judicial<\/p>\n","protected":false},"excerpt":{"rendered":"<p>A Justi\u00e7a Federal determinou, nesta segunda-feira (20), que o governo federal tem o prazo de 20 dias para apresentar explica\u00e7\u00f5es detalhadas sobre os gastos p\u00fablicos relacionados \u00e0s viagens da soci\u00f3loga Ros\u00e2ngela da Silva, conhecida como Janja, esposa do presidente Luiz In\u00e1cio Lula da Silva (PT). A decis\u00e3o foi proferida em resposta a uma a\u00e7\u00e3o popular [&hellip;]<\/p>\n","protected":false},"author":7,"featured_media":307636,"comment_status":"closed","ping_status":"closed","sticky":false,"template":"","format":"standard","meta":{"advanced_seo_description":"","jetpack_seo_html_title":"","jetpack_seo_noindex":false,"_jetpack_memberships_contains_paid_content":false,"footnotes":""},"categories":[12],"tags":[],"class_list":["post-307635","post","type-post","status-publish","format-standard","has-post-thumbnail","hentry","category-destaques-1"],"jetpack_featured_media_url":"https:\/\/www.lavras24horas.com.br\/portal\/wp-content\/uploads\/2025\/05\/whatsapp-image-2024-02-14-at-15.29.31.avif","jetpack_sharing_enabled":true,"jetpack_likes_enabled":true,"jetpack_shortlink":"https:\/\/wp.me\/p12djN-1i1R","_links":{"self":[{"href":"https:\/\/www.lavras24horas.com.br\/portal\/wp-json\/wp\/v2\/posts\/307635","targetHints":{"allow":["GET"]}}],"collection":[{"href":"https:\/\/www.lavras24horas.com.br\/portal\/wp-json\/wp\/v2\/posts"}],"about":[{"href":"https:\/\/www.lavras24horas.com.br\/portal\/wp-json\/wp\/v2\/types\/post"}],"author":[{"embeddable":true,"href":"https:\/\/www.lavras24horas.com.br\/portal\/wp-json\/wp\/v2\/users\/7"}],"replies":[{"embeddable":true,"href":"https:\/\/www.lavras24horas.com.br\/portal\/wp-json\/wp\/v2\/comments?post=307635"}],"version-history":[{"count":2,"href":"https:\/\/www.lavras24horas.com.br\/portal\/wp-json\/wp\/v2\/posts\/307635\/revisions"}],"predecessor-version":[{"id":307642,"href":"https:\/\/www.lavras24horas.com.br\/portal\/wp-json\/wp\/v2\/posts\/307635\/revisions\/307642"}],"wp:featuredmedia":[{"embeddable":true,"href":"https:\/\/www.lavras24horas.com.br\/portal\/wp-json\/wp\/v2\/media\/307636"}],"wp:attachment":[{"href":"https:\/\/www.lavras24horas.com.br\/portal\/wp-json\/wp\/v2\/media?parent=307635"}],"wp:term":[{"taxonomy":"category","embeddable":true,"href":"https:\/\/www.lavras24horas.com.br\/portal\/wp-json\/wp\/v2\/categories?post=307635"},{"taxonomy":"post_tag","embeddable":true,"href":"https:\/\/www.lavras24horas.com.br\/portal\/wp-json\/wp\/v2\/tags?post=307635"}],"curies":[{"name":"wp","href":"https:\/\/api.w.org\/{rel}","templated":true}]}}