{"id":307361,"date":"2025-05-07T17:58:12","date_gmt":"2025-05-07T20:58:12","guid":{"rendered":"https:\/\/www.lavras24horas.com.br\/portal\/?p=307361"},"modified":"2025-05-08T06:58:43","modified_gmt":"2025-05-08T09:58:43","slug":"governo-pede-retirada-de-urgencia-a-projeto-que-amplia-isencao-do-ir-para-ate-r-5-000","status":"publish","type":"post","link":"https:\/\/www.lavras24horas.com.br\/portal\/governo-pede-retirada-de-urgencia-a-projeto-que-amplia-isencao-do-ir-para-ate-r-5-000\/","title":{"rendered":"Governo pede retirada de urg\u00eancia a projeto que amplia isen\u00e7\u00e3o do IR para at\u00e9 R$ 5.000"},"content":{"rendered":"<p style=\"text-align: justify;\">O governo federal decidiu retirar o pedido de urg\u00eancia para a tramita\u00e7\u00e3o do projeto de lei que amplia a faixa de isen\u00e7\u00e3o do Imposto de Renda da Pessoa F\u00edsica (IRPF) para quem ganha at\u00e9 R$ 5 mil mensais. A decis\u00e3o foi publicada no Di\u00e1rio Oficial da Uni\u00e3o nesta ter\u00e7a-feira (7).<\/p>\n<p style=\"text-align: justify;\">A proposta havia sido enviada ao Congresso Nacional com urg\u00eancia constitucional, o que obrigaria a C\u00e2mara dos Deputados a apreci\u00e1-la em at\u00e9 45 dias, sob pena de trancar a pauta da Casa. Com a retirada do regime de urg\u00eancia, o projeto seguir\u00e1 a tramita\u00e7\u00e3o regular nas comiss\u00f5es tem\u00e1ticas, o que deve tornar o processo mais lento.<\/p>\n<p style=\"text-align: justify;\">A amplia\u00e7\u00e3o da isen\u00e7\u00e3o do IR faz parte da promessa do presidente Luiz In\u00e1cio Lula da Silva de isentar do imposto quem ganha at\u00e9 R$ 5 mil por m\u00eas. Atualmente, est\u00e3o isentos os contribuintes com renda mensal de at\u00e9 R$ 2.824.<\/p>\n<p style=\"text-align: justify;\">Segundo o Minist\u00e9rio da Fazenda, a mudan\u00e7a de estrat\u00e9gia visa abrir espa\u00e7o para negocia\u00e7\u00f5es no Congresso e permitir ajustes no texto. A medida tem impacto significativo na arrecada\u00e7\u00e3o federal e precisa ser acompanhada de compensa\u00e7\u00f5es fiscais.<\/p>\n<p style=\"text-align: justify;\">Ainda n\u00e3o h\u00e1 nova previs\u00e3o para a vota\u00e7\u00e3o da proposta. A equipe econ\u00f4mica e a base aliada no Congresso devem seguir dialogando para encontrar um caminho vi\u00e1vel para aprova\u00e7\u00e3o do texto sem comprometer o equil\u00edbrio fiscal.<\/p>\n","protected":false},"excerpt":{"rendered":"<p>O governo federal decidiu retirar o pedido de urg\u00eancia para a tramita\u00e7\u00e3o do projeto de lei que amplia a faixa de isen\u00e7\u00e3o do Imposto de Renda da Pessoa F\u00edsica (IRPF) para quem ganha at\u00e9 R$ 5 mil mensais. A decis\u00e3o foi publicada no Di\u00e1rio Oficial da Uni\u00e3o nesta ter\u00e7a-feira (7). A proposta havia sido enviada [&hellip;]<\/p>\n","protected":false},"author":7,"featured_media":307363,"comment_status":"closed","ping_status":"closed","sticky":false,"template":"","format":"standard","meta":{"advanced_seo_description":"","jetpack_seo_html_title":"","jetpack_seo_noindex":false,"_jetpack_memberships_contains_paid_content":false,"footnotes":""},"categories":[13,1],"tags":[],"class_list":["post-307361","post","type-post","status-publish","format-standard","has-post-thumbnail","hentry","category-laterais-1","category-sem-categoria"],"jetpack_featured_media_url":"https:\/\/i0.wp.com\/www.lavras24horas.com.br\/portal\/wp-content\/uploads\/2025\/05\/IMG_9625.jpeg?fit=678%2C452&ssl=1","jetpack_sharing_enabled":true,"jetpack_likes_enabled":true,"_links":{"self":[{"href":"https:\/\/www.lavras24horas.com.br\/portal\/wp-json\/wp\/v2\/posts\/307361","targetHints":{"allow":["GET"]}}],"collection":[{"href":"https:\/\/www.lavras24horas.com.br\/portal\/wp-json\/wp\/v2\/posts"}],"about":[{"href":"https:\/\/www.lavras24horas.com.br\/portal\/wp-json\/wp\/v2\/types\/post"}],"author":[{"embeddable":true,"href":"https:\/\/www.lavras24horas.com.br\/portal\/wp-json\/wp\/v2\/users\/7"}],"replies":[{"embeddable":true,"href":"https:\/\/www.lavras24horas.com.br\/portal\/wp-json\/wp\/v2\/comments?post=307361"}],"version-history":[{"count":2,"href":"https:\/\/www.lavras24horas.com.br\/portal\/wp-json\/wp\/v2\/posts\/307361\/revisions"}],"predecessor-version":[{"id":307378,"href":"https:\/\/www.lavras24horas.com.br\/portal\/wp-json\/wp\/v2\/posts\/307361\/revisions\/307378"}],"wp:featuredmedia":[{"embeddable":true,"href":"https:\/\/www.lavras24horas.com.br\/portal\/wp-json\/wp\/v2\/media\/307363"}],"wp:attachment":[{"href":"https:\/\/www.lavras24horas.com.br\/portal\/wp-json\/wp\/v2\/media?parent=307361"}],"wp:term":[{"taxonomy":"category","embeddable":true,"href":"https:\/\/www.lavras24horas.com.br\/portal\/wp-json\/wp\/v2\/categories?post=307361"},{"taxonomy":"post_tag","embeddable":true,"href":"https:\/\/www.lavras24horas.com.br\/portal\/wp-json\/wp\/v2\/tags?post=307361"}],"curies":[{"name":"wp","href":"https:\/\/api.w.org\/{rel}","templated":true}]}}