{"id":307236,"date":"2025-04-29T10:00:43","date_gmt":"2025-04-29T13:00:43","guid":{"rendered":"https:\/\/www.lavras24horas.com.br\/portal\/?p=307236"},"modified":"2025-04-29T10:00:43","modified_gmt":"2025-04-29T13:00:43","slug":"aprendizagem-na-educacao-basica-ainda-nao-retomou-os-niveis-pre-pandemia","status":"publish","type":"post","link":"https:\/\/www.lavras24horas.com.br\/portal\/aprendizagem-na-educacao-basica-ainda-nao-retomou-os-niveis-pre-pandemia\/","title":{"rendered":"Aprendizagem na educa\u00e7\u00e3o b\u00e1sica ainda n\u00e3o retomou os n\u00edveis pr\u00e9-pandemia"},"content":{"rendered":"<div class=\"x9f619 xjbqb8w x78zum5 x168nmei x13lgxp2 x5pf9jr xo71vjh x1uhb9sk x1plvlek xryxfnj x1c4vz4f x2lah0s xdt5ytf xqjyukv x1qjc9v5 x1oa3qoh x1nhvcw1\">\n<div class=\"x9f619 xjbqb8w x78zum5 x168nmei x13lgxp2 x5pf9jr xo71vjh x1uhb9sk x1plvlek xryxfnj x1c4vz4f x2lah0s xdt5ytf xqjyukv x1qjc9v5 x1oa3qoh x1nhvcw1\">\n<div class=\"x9f619 xjbqb8w x78zum5 x168nmei x13lgxp2 x5pf9jr xo71vjh x1uhb9sk x1plvlek xryxfnj x1c4vz4f x2lah0s xdt5ytf xqjyukv x1qjc9v5 x1oa3qoh x1nhvcw1\">\n<div class=\"x9f619 xjbqb8w x78zum5 x168nmei x13lgxp2 x5pf9jr xo71vjh x1yztbdb x1uhb9sk x1plvlek xryxfnj x1c4vz4f x2lah0s xdt5ytf xqjyukv x1qjc9v5 x1oa3qoh x1nhvcw1\">\n<div class=\"x1qjc9v5 x972fbf xcfux6l x1qhh985 xm0m39n x9f619 x78zum5 xdt5ytf x2lah0s xk390pu xdj266r x11i5rnm xat24cr x1mh8g0r xexx8yu x4uap5 x18d9i69 xkhd6sd x1n2onr6 xggy1nq x11njtxf\" tabindex=\"0\" role=\"button\">\n<div class=\"_a9zn _a9zo\">\n<div class=\"_a9zr\">\n<div class=\"xt0psk2\">\n<p class=\"_ap3a _aaco _aacu _aacx _aad7 _aade\" dir=\"auto\">A pandemia de covid-19 continua a impactar negativamente a educa\u00e7\u00e3o no Brasil. Apesar de avan\u00e7os nos \u00faltimos anos, os n\u00edveis de aprendizagem ainda n\u00e3o retornaram aos patamares de 2019, e as desigualdades pr\u00e9-existentes se agravaram.<\/p>\n<p>\u00c9 o que mostra o estudo \u201cAprendizagem na Educa\u00e7\u00e3o B\u00e1sica: Situa\u00e7\u00e3o Brasileira no P\u00f3s-Pandemia\u201d, divulgado nesta segunda-feira (28) pelo Todos Pela Educa\u00e7\u00e3o. A an\u00e1lise, baseada nos resultados do Sistema de Avalia\u00e7\u00e3o da Educa\u00e7\u00e3o B\u00e1sica (Saeb) de 2023, revela que, em todas as etapas avaliadas \u2014 5\u00ba e 9\u00ba anos do ensino fundamental e ensino m\u00e9dio \u2014 os \u00edndices de aprendizagem adequada em matem\u00e1tica e l\u00edngua portuguesa permanecem abaixo dos registrados antes da pandemia.<\/p>\n<p>Desempenho por etapa de ensino<\/p>\n<p>No 5\u00ba ano do ensino fundamental, 55,1% dos estudantes atingiram aprendizagem adequada em l\u00edngua portuguesa e 43,5% em matem\u00e1tica em 2023. Em 2019, esses \u00edndices eram de 56,5% e 46,7%, respectivamente.<\/p>\n<p>No 9\u00ba ano, os percentuais foram de 35,9% em l\u00edngua portuguesa e 16,5% em matem\u00e1tica, contra 35,9% e 18,4% em 2019.<\/p>\n<p>No ensino m\u00e9dio, 32,4% dos alunos demonstraram aprendizagem adequada em l\u00edngua portuguesa e apenas 5,2% em matem\u00e1tica, frente a 33,5% e 6,9% em 2019.<\/p>\n<p>Desigualdades raciais e socioecon\u00f4micas se aprofundam<\/p>\n<p>O estudo tamb\u00e9m destaca o agravamento das desigualdades educacionais entre diferentes grupos raciais e socioecon\u00f4micos. Em 2023, a diferen\u00e7a no percentual de estudantes do 5\u00ba ano com aprendizagem adequada entre brancos\/amarelos e pretos\/pardos\/ind\u00edgenas foi de 8,2 pontos percentuais em l\u00edngua portuguesa e 9,5 pontos percentuais em matem\u00e1tica. Em 2013, essas diferen\u00e7as eram de 7,9 e 8,6 pontos percentuais, respectivamente.<\/p>\n<p>No ensino m\u00e9dio, a disparidade em l\u00edngua portuguesa aumentou de 11,1 pontos percentuais em 2013 para 14 pontos percentuais em 2023. Em matem\u00e1tica, a diferen\u00e7a passou de 4,4 para 3,9 pontos percentuais no mesmo per\u00edodo.<\/p>\n<\/div>\n<\/div>\n<\/div>\n<div class=\" _a9zo\">\n<div class=\"_a9zr\">\n<div class=\"x9f619 xjbqb8w x78zum5 x168nmei x13lgxp2 x5pf9jr xo71vjh x1uhb9sk x1plvlek xryxfnj x1c4vz4f x2lah0s xdt5ytf xqjyukv x1qjc9v5 x1oa3qoh x1nhvcw1\">\n<div class=\"x9f619 xjbqb8w x78zum5 x168nmei x13lgxp2 x5pf9jr xo71vjh x1uhb9sk x1plvlek xryxfnj x1c4vz4f x2lah0s xdt5ytf xqjyukv x1qjc9v5 x1oa3qoh x1nhvcw1\">\n<div class=\"x9f619 xjbqb8w x78zum5 x168nmei x13lgxp2 x5pf9jr xo71vjh x1uhb9sk x1plvlek xryxfnj x1c4vz4f x2lah0s xdt5ytf xqjyukv x1qjc9v5 x1oa3qoh x1nhvcw1\"><\/div>\n<\/div>\n<\/div>\n<\/div>\n<\/div>\n<\/div>\n<\/div>\n<\/div>\n<\/div>\n<\/div>\n","protected":false},"excerpt":{"rendered":"<p>A pandemia de covid-19 continua a impactar negativamente a educa\u00e7\u00e3o no Brasil. Apesar de avan\u00e7os nos \u00faltimos anos, os n\u00edveis de aprendizagem ainda n\u00e3o retornaram aos patamares de 2019, e as desigualdades pr\u00e9-existentes se agravaram. \u00c9 o que mostra o estudo \u201cAprendizagem na Educa\u00e7\u00e3o B\u00e1sica: Situa\u00e7\u00e3o Brasileira no P\u00f3s-Pandemia\u201d, divulgado nesta segunda-feira (28) pelo Todos [&hellip;]<\/p>\n","protected":false},"author":7,"featured_media":307237,"comment_status":"closed","ping_status":"closed","sticky":false,"template":"","format":"standard","meta":{"advanced_seo_description":"","jetpack_seo_html_title":"","jetpack_seo_noindex":false,"_jetpack_memberships_contains_paid_content":false,"footnotes":""},"categories":[12],"tags":[],"class_list":["post-307236","post","type-post","status-publish","format-standard","has-post-thumbnail","hentry","category-destaques-1"],"jetpack_featured_media_url":"https:\/\/i0.wp.com\/www.lavras24horas.com.br\/portal\/wp-content\/uploads\/2025\/04\/360b75ce-4894-4418-88c8-de4243fea505.jpg?fit=736%2C977&ssl=1","jetpack_sharing_enabled":true,"jetpack_likes_enabled":true,"jetpack_shortlink":"https:\/\/wp.me\/p12djN-1hVq","_links":{"self":[{"href":"https:\/\/www.lavras24horas.com.br\/portal\/wp-json\/wp\/v2\/posts\/307236","targetHints":{"allow":["GET"]}}],"collection":[{"href":"https:\/\/www.lavras24horas.com.br\/portal\/wp-json\/wp\/v2\/posts"}],"about":[{"href":"https:\/\/www.lavras24horas.com.br\/portal\/wp-json\/wp\/v2\/types\/post"}],"author":[{"embeddable":true,"href":"https:\/\/www.lavras24horas.com.br\/portal\/wp-json\/wp\/v2\/users\/7"}],"replies":[{"embeddable":true,"href":"https:\/\/www.lavras24horas.com.br\/portal\/wp-json\/wp\/v2\/comments?post=307236"}],"version-history":[{"count":1,"href":"https:\/\/www.lavras24horas.com.br\/portal\/wp-json\/wp\/v2\/posts\/307236\/revisions"}],"predecessor-version":[{"id":307238,"href":"https:\/\/www.lavras24horas.com.br\/portal\/wp-json\/wp\/v2\/posts\/307236\/revisions\/307238"}],"wp:featuredmedia":[{"embeddable":true,"href":"https:\/\/www.lavras24horas.com.br\/portal\/wp-json\/wp\/v2\/media\/307237"}],"wp:attachment":[{"href":"https:\/\/www.lavras24horas.com.br\/portal\/wp-json\/wp\/v2\/media?parent=307236"}],"wp:term":[{"taxonomy":"category","embeddable":true,"href":"https:\/\/www.lavras24horas.com.br\/portal\/wp-json\/wp\/v2\/categories?post=307236"},{"taxonomy":"post_tag","embeddable":true,"href":"https:\/\/www.lavras24horas.com.br\/portal\/wp-json\/wp\/v2\/tags?post=307236"}],"curies":[{"name":"wp","href":"https:\/\/api.w.org\/{rel}","templated":true}]}}