{"id":306961,"date":"2025-04-16T10:32:26","date_gmt":"2025-04-16T13:32:26","guid":{"rendered":"https:\/\/www.lavras24horas.com.br\/portal\/?p=306961"},"modified":"2025-04-16T10:32:26","modified_gmt":"2025-04-16T13:32:26","slug":"governo-zema-diz-que-nao-ha-previsao-de-reajuste-salarial-de-servidores-em-2025","status":"publish","type":"post","link":"https:\/\/www.lavras24horas.com.br\/portal\/governo-zema-diz-que-nao-ha-previsao-de-reajuste-salarial-de-servidores-em-2025\/","title":{"rendered":"Governo Zema diz que n\u00e3o h\u00e1 previs\u00e3o de reajuste salarial de servidores em 2025"},"content":{"rendered":"<p style=\"text-align: justify;\">O governo de Minas Gerais informou que n\u00e3o h\u00e1 previs\u00e3o de reajuste salarial para os servidores estaduais em 2025. A informa\u00e7\u00e3o foi confirmada nesta semana pela equipe econ\u00f4mica da gest\u00e3o Romeu Zema (Novo), que alegou limita\u00e7\u00f5es or\u00e7ament\u00e1rias e o compromisso com a responsabilidade fiscal como principais motivos para a decis\u00e3o.<\/p>\n<p style=\"text-align: justify;\">A aus\u00eancia de reajuste afeta milhares de profissionais do funcionalismo p\u00fablico mineiro, incluindo \u00e1reas essenciais como sa\u00fade, seguran\u00e7a e educa\u00e7\u00e3o. Representantes de sindicatos e associa\u00e7\u00f5es j\u00e1 se manifestaram contr\u00e1rios \u00e0 medida e cobram abertura de di\u00e1logo com o Executivo estadual.<\/p>\n<p style=\"text-align: justify;\">Em nota, o governo destacou que vem trabalhando para manter o pagamento dos sal\u00e1rios em dia e que eventuais mudan\u00e7as dependem da evolu\u00e7\u00e3o da arrecada\u00e7\u00e3o estadual e do cen\u00e1rio econ\u00f4mico nos pr\u00f3ximos meses. At\u00e9 o momento, n\u00e3o h\u00e1 sinaliza\u00e7\u00e3o de abertura de negocia\u00e7\u00f5es para recomposi\u00e7\u00e3o salarial.<\/p>\n","protected":false},"excerpt":{"rendered":"<p>O governo de Minas Gerais informou que n\u00e3o h\u00e1 previs\u00e3o de reajuste salarial para os servidores estaduais em 2025. A informa\u00e7\u00e3o foi confirmada nesta semana pela equipe econ\u00f4mica da gest\u00e3o Romeu Zema (Novo), que alegou limita\u00e7\u00f5es or\u00e7ament\u00e1rias e o compromisso com a responsabilidade fiscal como principais motivos para a decis\u00e3o. A aus\u00eancia de reajuste afeta [&hellip;]<\/p>\n","protected":false},"author":7,"featured_media":306962,"comment_status":"closed","ping_status":"closed","sticky":false,"template":"","format":"standard","meta":{"advanced_seo_description":"","jetpack_seo_html_title":"","jetpack_seo_noindex":false,"_jetpack_memberships_contains_paid_content":false,"footnotes":""},"categories":[12],"tags":[],"class_list":["post-306961","post","type-post","status-publish","format-standard","has-post-thumbnail","hentry","category-destaques-1"],"jetpack_featured_media_url":"https:\/\/i0.wp.com\/www.lavras24horas.com.br\/portal\/wp-content\/uploads\/2025\/04\/IMG_8797.jpeg?fit=1104%2C1304&ssl=1","jetpack_sharing_enabled":true,"jetpack_likes_enabled":true,"jetpack_shortlink":"https:\/\/wp.me\/p12djN-1hQZ","_links":{"self":[{"href":"https:\/\/www.lavras24horas.com.br\/portal\/wp-json\/wp\/v2\/posts\/306961","targetHints":{"allow":["GET"]}}],"collection":[{"href":"https:\/\/www.lavras24horas.com.br\/portal\/wp-json\/wp\/v2\/posts"}],"about":[{"href":"https:\/\/www.lavras24horas.com.br\/portal\/wp-json\/wp\/v2\/types\/post"}],"author":[{"embeddable":true,"href":"https:\/\/www.lavras24horas.com.br\/portal\/wp-json\/wp\/v2\/users\/7"}],"replies":[{"embeddable":true,"href":"https:\/\/www.lavras24horas.com.br\/portal\/wp-json\/wp\/v2\/comments?post=306961"}],"version-history":[{"count":1,"href":"https:\/\/www.lavras24horas.com.br\/portal\/wp-json\/wp\/v2\/posts\/306961\/revisions"}],"predecessor-version":[{"id":306963,"href":"https:\/\/www.lavras24horas.com.br\/portal\/wp-json\/wp\/v2\/posts\/306961\/revisions\/306963"}],"wp:featuredmedia":[{"embeddable":true,"href":"https:\/\/www.lavras24horas.com.br\/portal\/wp-json\/wp\/v2\/media\/306962"}],"wp:attachment":[{"href":"https:\/\/www.lavras24horas.com.br\/portal\/wp-json\/wp\/v2\/media?parent=306961"}],"wp:term":[{"taxonomy":"category","embeddable":true,"href":"https:\/\/www.lavras24horas.com.br\/portal\/wp-json\/wp\/v2\/categories?post=306961"},{"taxonomy":"post_tag","embeddable":true,"href":"https:\/\/www.lavras24horas.com.br\/portal\/wp-json\/wp\/v2\/tags?post=306961"}],"curies":[{"name":"wp","href":"https:\/\/api.w.org\/{rel}","templated":true}]}}