{"id":306903,"date":"2025-04-14T08:11:16","date_gmt":"2025-04-14T11:11:16","guid":{"rendered":"https:\/\/www.lavras24horas.com.br\/portal\/?p=306903"},"modified":"2025-04-14T08:11:16","modified_gmt":"2025-04-14T11:11:16","slug":"jovem-de-21-anos-morre-afogado-em-cachoeira-do-parque-estadual-serra-da-boa-esperanca","status":"publish","type":"post","link":"https:\/\/www.lavras24horas.com.br\/portal\/jovem-de-21-anos-morre-afogado-em-cachoeira-do-parque-estadual-serra-da-boa-esperanca\/","title":{"rendered":"Jovem de 21 anos morre afogado em cachoeira do Parque Estadual Serra da Boa Esperan\u00e7a"},"content":{"rendered":"<p style=\"text-align: justify;\">V\u00edtima era de Campos Gerais. Pesbe emitiu nota de pesar e disse que est\u00e1 \u00e0 disposi\u00e7\u00e3o para colaborar com as autoridades.<\/p>\n<p>Um jovem de 21 anos morreu afogado na cachoeira Santa Luzia, localizada no interior do Parque Estadual Serra da Boa Esperan\u00e7a (Pesbe), em Boa Esperan\u00e7a (MG), no s\u00e1bado (12). De acordo com informa\u00e7\u00f5es do parque, Wellinton Lima de Oliveira era natural da cidade de Campos Gerais.<\/p>\n<p>O Corpo de Bombeiros foi chamado ao local ap\u00f3s o jovem ter entrado no po\u00e7o da primeira cachoeira do complexo e n\u00e3o ter reaparecido.<\/p>\n<p>O ponto do afogamento era de dif\u00edcil acesso e os bombeiros instalaram uma linha de vida para garantir a seguran\u00e7a da equipe de mergulho. O corpo foi localizado poucos minutos ap\u00f3s o in\u00edcio das buscas subaqu\u00e1ticas. Ele estava a, aproximadamente, cinco metros de profundidade e 20 metros da margem.<\/p>\n<p>De acordo com informa\u00e7\u00f5es, o jovem ficou cerca de duas horas submerso. O \u00f3bito foi confirmado por socorristas do Servi\u00e7o de Atendimento M\u00f3vel de Urg\u00eancia (Samu).<br \/>\nO parque emitiu uma nota de pesar sobre o acidente: \u201cNeste momento de dor, expressamos nossa solidariedade e enviamos nossas mais sinceras condol\u00eancias aos familiares, amigos e \u00e0 comunidade de Campos Gerais. Que encontrem conforto e for\u00e7a para superar essa perda irrepar\u00e1vel\u201d.<\/p>\n<p>O Pesbe disse ainda que refor\u00e7a seu compromisso com a seguran\u00e7a dos visitantes e que est\u00e1 \u00e0 disposi\u00e7\u00e3o para colaborar com as autoridades competentes.<\/p>\n<p>O corpo de Welliton foi sepultado na tarde deste domingo (13), no cemit\u00e9rio municipal de Campos Gerais.<\/p>\n<p>Fonte: G1<\/p>\n","protected":false},"excerpt":{"rendered":"<p>V\u00edtima era de Campos Gerais. Pesbe emitiu nota de pesar e disse que est\u00e1 \u00e0 disposi\u00e7\u00e3o para colaborar com as autoridades. Um jovem de 21 anos morreu afogado na cachoeira Santa Luzia, localizada no interior do Parque Estadual Serra da Boa Esperan\u00e7a (Pesbe), em Boa Esperan\u00e7a (MG), no s\u00e1bado (12). De acordo com informa\u00e7\u00f5es do [&hellip;]<\/p>\n","protected":false},"author":7,"featured_media":306904,"comment_status":"closed","ping_status":"closed","sticky":false,"template":"","format":"standard","meta":{"advanced_seo_description":"","jetpack_seo_html_title":"","jetpack_seo_noindex":false,"_jetpack_memberships_contains_paid_content":false,"footnotes":""},"categories":[12],"tags":[],"class_list":["post-306903","post","type-post","status-publish","format-standard","has-post-thumbnail","hentry","category-destaques-1"],"jetpack_featured_media_url":"https:\/\/www.lavras24horas.com.br\/portal\/wp-content\/uploads\/2025\/04\/afogamento.avif","jetpack_sharing_enabled":true,"jetpack_likes_enabled":true,"jetpack_shortlink":"https:\/\/wp.me\/p12djN-1hQ3","_links":{"self":[{"href":"https:\/\/www.lavras24horas.com.br\/portal\/wp-json\/wp\/v2\/posts\/306903","targetHints":{"allow":["GET"]}}],"collection":[{"href":"https:\/\/www.lavras24horas.com.br\/portal\/wp-json\/wp\/v2\/posts"}],"about":[{"href":"https:\/\/www.lavras24horas.com.br\/portal\/wp-json\/wp\/v2\/types\/post"}],"author":[{"embeddable":true,"href":"https:\/\/www.lavras24horas.com.br\/portal\/wp-json\/wp\/v2\/users\/7"}],"replies":[{"embeddable":true,"href":"https:\/\/www.lavras24horas.com.br\/portal\/wp-json\/wp\/v2\/comments?post=306903"}],"version-history":[{"count":1,"href":"https:\/\/www.lavras24horas.com.br\/portal\/wp-json\/wp\/v2\/posts\/306903\/revisions"}],"predecessor-version":[{"id":306905,"href":"https:\/\/www.lavras24horas.com.br\/portal\/wp-json\/wp\/v2\/posts\/306903\/revisions\/306905"}],"wp:featuredmedia":[{"embeddable":true,"href":"https:\/\/www.lavras24horas.com.br\/portal\/wp-json\/wp\/v2\/media\/306904"}],"wp:attachment":[{"href":"https:\/\/www.lavras24horas.com.br\/portal\/wp-json\/wp\/v2\/media?parent=306903"}],"wp:term":[{"taxonomy":"category","embeddable":true,"href":"https:\/\/www.lavras24horas.com.br\/portal\/wp-json\/wp\/v2\/categories?post=306903"},{"taxonomy":"post_tag","embeddable":true,"href":"https:\/\/www.lavras24horas.com.br\/portal\/wp-json\/wp\/v2\/tags?post=306903"}],"curies":[{"name":"wp","href":"https:\/\/api.w.org\/{rel}","templated":true}]}}