{"id":306847,"date":"2025-04-10T09:16:17","date_gmt":"2025-04-10T12:16:17","guid":{"rendered":"https:\/\/www.lavras24horas.com.br\/portal\/?p=306847"},"modified":"2025-04-10T09:17:00","modified_gmt":"2025-04-10T12:17:00","slug":"moraes-diz-que-nao-existe-possibilidade-de-bolsonaro-ao-poder","status":"publish","type":"post","link":"https:\/\/www.lavras24horas.com.br\/portal\/moraes-diz-que-nao-existe-possibilidade-de-bolsonaro-ao-poder\/","title":{"rendered":"Moraes diz que n\u00e3o existe &#8216;possibilidade de Bolsonaro ao poder&#8217;"},"content":{"rendered":"<p style=\"text-align: justify;\">Moraes descarta revers\u00e3o da inelegibilidade de Bolsonaro e admite risco real de golpe em 2022<\/p>\n<p>Em entrevista \u00e0 revista The New Yorker, o ministro Alexandre de Moraes, do Supremo Tribunal Federal (STF), afirmou que o ex-presidente Jair Bolsonaro (PL) n\u00e3o poder\u00e1 reverter sua inelegibilidade para disputar a pr\u00f3xima elei\u00e7\u00e3o presidencial. Moraes ressaltou que Bolsonaro foi condenado duas vezes pelo Tribunal Superior Eleitoral (TSE), o que o impede de se candidatar. No entanto, o magistrado reconheceu que o ex-presidente ainda poder\u00e1 exercer influ\u00eancia pol\u00edtica ao apoiar a candidatura de sua esposa, Michelle Bolsonaro, ou de um de seus filhos.<\/p>\n<p>Durante a entrevista, Moraes tamb\u00e9m comentou sobre os riscos enfrentados pela democracia brasileira com o suposto plano de golpe de Estado em 2022. Segundo ele, houve, sim, uma amea\u00e7a concreta, que ainda persiste. O ministro destacou a participa\u00e7\u00e3o de integrantes das For\u00e7as Armadas e do alto comando da Pol\u00edcia Militar do Distrito Federal nos atos de 8 de janeiro de 2023.<\/p>\n<p>\u201cA estrat\u00e9gia era de ocupar os pr\u00e9dios governamentais, n\u00e3o necessariamente de destru\u00ed-los. Mas voc\u00ea n\u00e3o consegue controlar uma multid\u00e3o. O verdadeiro objetivo era entrar nos pr\u00e9dios, se recusar a sair e criar uma crise t\u00e3o severa para que as For\u00e7as Armadas fossem for\u00e7adas a intervir\u201d, afirmou Moraes.<\/p>\n<p>Segundo o ministro, o plano contava com o apoio de alguns l\u00edderes militares, mas n\u00e3o teve \u00eaxito porque, enquanto institui\u00e7\u00e3o, as For\u00e7as Armadas perceberam que nenhum outro poder da Rep\u00fablica os acompanharia.<\/p>\n<p>Moraes tamb\u00e9m criticou a aus\u00eancia de regulamenta\u00e7\u00e3o das redes sociais, que, segundo ele, facilita a propaga\u00e7\u00e3o de desinforma\u00e7\u00e3o e discursos de \u00f3dio. \u201cSe Goebbels estivesse vivo e tivesse acesso ao X, estar\u00edamos condenados\u201d, disse, referindo-se ao ministro da Propaganda da Alemanha nazista. \u201cOs nazis teriam conquistado o mundo.\u201d<\/p>\n","protected":false},"excerpt":{"rendered":"<p>Moraes descarta revers\u00e3o da inelegibilidade de Bolsonaro e admite risco real de golpe em 2022 Em entrevista \u00e0 revista The New Yorker, o ministro Alexandre de Moraes, do Supremo Tribunal Federal (STF), afirmou que o ex-presidente Jair Bolsonaro (PL) n\u00e3o poder\u00e1 reverter sua inelegibilidade para disputar a pr\u00f3xima elei\u00e7\u00e3o presidencial. Moraes ressaltou que Bolsonaro foi [&hellip;]<\/p>\n","protected":false},"author":7,"featured_media":306848,"comment_status":"closed","ping_status":"closed","sticky":false,"template":"","format":"standard","meta":{"advanced_seo_description":"","jetpack_seo_html_title":"","jetpack_seo_noindex":false,"_jetpack_memberships_contains_paid_content":false,"footnotes":""},"categories":[12],"tags":[],"class_list":["post-306847","post","type-post","status-publish","format-standard","has-post-thumbnail","hentry","category-destaques-1"],"jetpack_featured_media_url":"https:\/\/i0.wp.com\/www.lavras24horas.com.br\/portal\/wp-content\/uploads\/2025\/04\/WhatsApp-Image-2025-04-10-at-08.43.36-3-e1744287367983.jpeg?fit=488%2C342&ssl=1","jetpack_sharing_enabled":true,"jetpack_likes_enabled":true,"_links":{"self":[{"href":"https:\/\/www.lavras24horas.com.br\/portal\/wp-json\/wp\/v2\/posts\/306847","targetHints":{"allow":["GET"]}}],"collection":[{"href":"https:\/\/www.lavras24horas.com.br\/portal\/wp-json\/wp\/v2\/posts"}],"about":[{"href":"https:\/\/www.lavras24horas.com.br\/portal\/wp-json\/wp\/v2\/types\/post"}],"author":[{"embeddable":true,"href":"https:\/\/www.lavras24horas.com.br\/portal\/wp-json\/wp\/v2\/users\/7"}],"replies":[{"embeddable":true,"href":"https:\/\/www.lavras24horas.com.br\/portal\/wp-json\/wp\/v2\/comments?post=306847"}],"version-history":[{"count":2,"href":"https:\/\/www.lavras24horas.com.br\/portal\/wp-json\/wp\/v2\/posts\/306847\/revisions"}],"predecessor-version":[{"id":306850,"href":"https:\/\/www.lavras24horas.com.br\/portal\/wp-json\/wp\/v2\/posts\/306847\/revisions\/306850"}],"wp:featuredmedia":[{"embeddable":true,"href":"https:\/\/www.lavras24horas.com.br\/portal\/wp-json\/wp\/v2\/media\/306848"}],"wp:attachment":[{"href":"https:\/\/www.lavras24horas.com.br\/portal\/wp-json\/wp\/v2\/media?parent=306847"}],"wp:term":[{"taxonomy":"category","embeddable":true,"href":"https:\/\/www.lavras24horas.com.br\/portal\/wp-json\/wp\/v2\/categories?post=306847"},{"taxonomy":"post_tag","embeddable":true,"href":"https:\/\/www.lavras24horas.com.br\/portal\/wp-json\/wp\/v2\/tags?post=306847"}],"curies":[{"name":"wp","href":"https:\/\/api.w.org\/{rel}","templated":true}]}}