{"id":306841,"date":"2025-04-10T09:11:46","date_gmt":"2025-04-10T12:11:46","guid":{"rendered":"https:\/\/www.lavras24horas.com.br\/portal\/?p=306841"},"modified":"2025-04-10T09:11:46","modified_gmt":"2025-04-10T12:11:46","slug":"trabalhadores-da-cemig-seguem-em-greve-com-adesao-de-lavras","status":"publish","type":"post","link":"https:\/\/www.lavras24horas.com.br\/portal\/trabalhadores-da-cemig-seguem-em-greve-com-adesao-de-lavras\/","title":{"rendered":"Trabalhadores da Cemig seguem em greve com ades\u00e3o de Lavras"},"content":{"rendered":"<p style=\"text-align: justify;\">Os trabalhadores da Companhia Energ\u00e9tica de Minas Gerais (Cemig) seguem em greve por tempo indeterminado desde a \u00faltima segunda-feira, 7 de abril. A paralisa\u00e7\u00e3o, que ocorre em todo o estado, conta com a ades\u00e3o da unidade de Lavras.<\/p>\n<p>O principal motivo da mobiliza\u00e7\u00e3o \u00e9 a mudan\u00e7a proposta pela empresa no Plano de Sa\u00fade dos Empregados (PSI), que impacta tanto os funcion\u00e1rios da ativa quanto os aposentados. Entre as altera\u00e7\u00f5es, est\u00e3o o aumento de 60,5% nas mensalidades e a retirada do patroc\u00ednio da Cemig ao plano, o que obriga cada benefici\u00e1rio a pagar um valor adicional de R$ 1.050,73.<\/p>\n<p>Segundo o Sindsul \u2014 Sindicato dos Eletricit\u00e1rios do Sul de Minas \u2014, essa retirada de patroc\u00ednio pode tornar o plano invi\u00e1vel para muitos trabalhadores. Em alguns casos, o custo mensal salta de R$ 790 para R$ 2.480.<\/p>\n<p>Apesar da paralisa\u00e7\u00e3o, o sindicato afirma que os servi\u00e7os essenciais \u00e0 popula\u00e7\u00e3o est\u00e3o sendo mantidos. A greve busca pressionar a dire\u00e7\u00e3o da Cemig a renegociar as mudan\u00e7as no plano de sa\u00fade e a atender outras reivindica\u00e7\u00f5es da categoria.<\/p>\n","protected":false},"excerpt":{"rendered":"<p>Os trabalhadores da Companhia Energ\u00e9tica de Minas Gerais (Cemig) seguem em greve por tempo indeterminado desde a \u00faltima segunda-feira, 7 de abril. A paralisa\u00e7\u00e3o, que ocorre em todo o estado, conta com a ades\u00e3o da unidade de Lavras. O principal motivo da mobiliza\u00e7\u00e3o \u00e9 a mudan\u00e7a proposta pela empresa no Plano de Sa\u00fade dos Empregados [&hellip;]<\/p>\n","protected":false},"author":7,"featured_media":306842,"comment_status":"closed","ping_status":"closed","sticky":false,"template":"","format":"standard","meta":{"advanced_seo_description":"","jetpack_seo_html_title":"","jetpack_seo_noindex":false,"_jetpack_memberships_contains_paid_content":false,"footnotes":""},"categories":[13],"tags":[],"class_list":["post-306841","post","type-post","status-publish","format-standard","has-post-thumbnail","hentry","category-laterais-1"],"jetpack_featured_media_url":"https:\/\/i0.wp.com\/www.lavras24horas.com.br\/portal\/wp-content\/uploads\/2025\/04\/WhatsApp-Image-2025-04-10-at-08.43.36-1.jpeg?fit=1200%2C1600&ssl=1","jetpack_sharing_enabled":true,"jetpack_likes_enabled":true,"_links":{"self":[{"href":"https:\/\/www.lavras24horas.com.br\/portal\/wp-json\/wp\/v2\/posts\/306841","targetHints":{"allow":["GET"]}}],"collection":[{"href":"https:\/\/www.lavras24horas.com.br\/portal\/wp-json\/wp\/v2\/posts"}],"about":[{"href":"https:\/\/www.lavras24horas.com.br\/portal\/wp-json\/wp\/v2\/types\/post"}],"author":[{"embeddable":true,"href":"https:\/\/www.lavras24horas.com.br\/portal\/wp-json\/wp\/v2\/users\/7"}],"replies":[{"embeddable":true,"href":"https:\/\/www.lavras24horas.com.br\/portal\/wp-json\/wp\/v2\/comments?post=306841"}],"version-history":[{"count":1,"href":"https:\/\/www.lavras24horas.com.br\/portal\/wp-json\/wp\/v2\/posts\/306841\/revisions"}],"predecessor-version":[{"id":306843,"href":"https:\/\/www.lavras24horas.com.br\/portal\/wp-json\/wp\/v2\/posts\/306841\/revisions\/306843"}],"wp:featuredmedia":[{"embeddable":true,"href":"https:\/\/www.lavras24horas.com.br\/portal\/wp-json\/wp\/v2\/media\/306842"}],"wp:attachment":[{"href":"https:\/\/www.lavras24horas.com.br\/portal\/wp-json\/wp\/v2\/media?parent=306841"}],"wp:term":[{"taxonomy":"category","embeddable":true,"href":"https:\/\/www.lavras24horas.com.br\/portal\/wp-json\/wp\/v2\/categories?post=306841"},{"taxonomy":"post_tag","embeddable":true,"href":"https:\/\/www.lavras24horas.com.br\/portal\/wp-json\/wp\/v2\/tags?post=306841"}],"curies":[{"name":"wp","href":"https:\/\/api.w.org\/{rel}","templated":true}]}}