{"id":306292,"date":"2025-03-11T11:30:06","date_gmt":"2025-03-11T14:30:06","guid":{"rendered":"https:\/\/www.lavras24horas.com.br\/portal\/?p=306292"},"modified":"2025-03-11T11:30:06","modified_gmt":"2025-03-11T14:30:06","slug":"lavras-em-alerta-semana-de-chuvas-intensas-e-tempestades-severas","status":"publish","type":"post","link":"https:\/\/www.lavras24horas.com.br\/portal\/lavras-em-alerta-semana-de-chuvas-intensas-e-tempestades-severas\/","title":{"rendered":"Lavras em Alerta: Semana de chuvas intensas e tempestades severas"},"content":{"rendered":"<p style=\"text-align: justify;\">Prepare-se para uma semana de condi\u00e7\u00f5es clim\u00e1ticas adversas em Lavras, MG. O Instituto Nacional de Meteorologia (INMET) emitiu um alerta amarelo de chuvas intensas, v\u00e1lido at\u00e9 quarta-feira, 12 de mar\u00e7o, \u00e0s 10h. S\u00e3o esperadas precipita\u00e7\u00f5es entre 20 e 30 mm\/h ou at\u00e9 50 mm\/dia, acompanhadas de ventos fortes de 40-60 km\/h. Embora o risco de eventos como cortes de energia, queda de galhos, alagamentos e descargas el\u00e9tricas seja considerado baixo, \u00e9 fundamental que a popula\u00e7\u00e3o mantenha-se vigilante e tome as precau\u00e7\u00f5es necess\u00e1rias.<\/p>\n<p style=\"text-align: justify;\">Previs\u00e3o detalhada para os pr\u00f3ximos dias:<br \/>\n\u2022 Ter\u00e7a-feira (11\/03): Aumento de nebulosidade, com temperaturas variando entre 19\u00b0C e 32\u00b0C.<br \/>\n\u2022 Quarta-feira (12\/03): Predom\u00ednio de sol pela manh\u00e3, com possibilidade de pancadas de chuva \u00e0 tarde e \u00e0 noite. Temperaturas entre 19\u00b0C e 33\u00b0C.<br \/>\n\u2022 Quinta-feira (13\/03): Possibilidade de tempestades isoladas em algumas \u00e1reas, com m\u00ednima de 18\u00b0C e m\u00e1xima de 30\u00b0C.<br \/>\n\u2022 Sexta-feira (14\/03): Risco de tempestades intensas, com temperaturas oscilando entre 17\u00b0C e 28\u00b0C.<br \/>\n\u2022 S\u00e1bado (15\/03): Algumas tempestades previstas, com m\u00ednima de 18\u00b0C e m\u00e1xima de 28\u00b0C.<br \/>\n\u2022 Domingo (16\/03): Possibilidade de tempestades localizadas, com temperaturas entre 18\u00b0C e 28\u00b0C.<br \/>\n\u2022 Segunda-feira (17\/03): Chance de tempestades isoladas, com m\u00ednima de 18\u00b0C e m\u00e1xima de 26\u00b0C.<\/p>\n<p style=\"text-align: justify;\">Durante o final de semana, a tend\u00eancia \u00e9 de sol com muitas nuvens \u00e0 tarde e possibilidade de temporais \u00e0 noite.<\/p>\n<p style=\"text-align: justify;\">Recomenda\u00e7\u00f5es \u00e0 popula\u00e7\u00e3o:<br \/>\n\u2022 Evite se abrigar debaixo de \u00e1rvores durante rajadas de vento, devido ao risco de quedas e descargas el\u00e9tricas.<br \/>\n\u2022 N\u00e3o estacione ve\u00edculos pr\u00f3ximos a torres de transmiss\u00e3o e placas de propaganda.<br \/>\n\u2022 Evite o uso de aparelhos eletr\u00f4nicos conectados \u00e0 tomada durante tempestades.<br \/>\n\u2022 Mantenha-se informado atrav\u00e9s dos canais oficiais e siga as orienta\u00e7\u00f5es das autoridades locais.<\/p>\n<p style=\"text-align: justify;\">Para mais informa\u00e7\u00f5es e atualiza\u00e7\u00f5es, entre em contato com a Defesa Civil pelo telefone 199 ou com o Corpo de Bombeiros pelo 193.<\/p>\n<p style=\"text-align: justify;\">Fique atento e tome as precau\u00e7\u00f5es necess\u00e1rias para garantir a seguran\u00e7a de todos durante este per\u00edodo de condi\u00e7\u00f5es clim\u00e1ticas adversas.<\/p>\n","protected":false},"excerpt":{"rendered":"<p>Prepare-se para uma semana de condi\u00e7\u00f5es clim\u00e1ticas adversas em Lavras, MG. O Instituto Nacional de Meteorologia (INMET) emitiu um alerta amarelo de chuvas intensas, v\u00e1lido at\u00e9 quarta-feira, 12 de mar\u00e7o, \u00e0s 10h. S\u00e3o esperadas precipita\u00e7\u00f5es entre 20 e 30 mm\/h ou at\u00e9 50 mm\/dia, acompanhadas de ventos fortes de 40-60 km\/h. Embora o risco de [&hellip;]<\/p>\n","protected":false},"author":7,"featured_media":306289,"comment_status":"closed","ping_status":"closed","sticky":false,"template":"","format":"standard","meta":{"advanced_seo_description":"","jetpack_seo_html_title":"","jetpack_seo_noindex":false,"_jetpack_memberships_contains_paid_content":false,"footnotes":""},"categories":[12],"tags":[],"class_list":["post-306292","post","type-post","status-publish","format-standard","has-post-thumbnail","hentry","category-destaques-1"],"jetpack_featured_media_url":"https:\/\/i0.wp.com\/www.lavras24horas.com.br\/portal\/wp-content\/uploads\/2025\/03\/IMG_6993.jpeg?fit=750%2C375&ssl=1","jetpack_sharing_enabled":true,"jetpack_likes_enabled":true,"jetpack_shortlink":"https:\/\/wp.me\/p12djN-1hGc","_links":{"self":[{"href":"https:\/\/www.lavras24horas.com.br\/portal\/wp-json\/wp\/v2\/posts\/306292","targetHints":{"allow":["GET"]}}],"collection":[{"href":"https:\/\/www.lavras24horas.com.br\/portal\/wp-json\/wp\/v2\/posts"}],"about":[{"href":"https:\/\/www.lavras24horas.com.br\/portal\/wp-json\/wp\/v2\/types\/post"}],"author":[{"embeddable":true,"href":"https:\/\/www.lavras24horas.com.br\/portal\/wp-json\/wp\/v2\/users\/7"}],"replies":[{"embeddable":true,"href":"https:\/\/www.lavras24horas.com.br\/portal\/wp-json\/wp\/v2\/comments?post=306292"}],"version-history":[{"count":1,"href":"https:\/\/www.lavras24horas.com.br\/portal\/wp-json\/wp\/v2\/posts\/306292\/revisions"}],"predecessor-version":[{"id":306293,"href":"https:\/\/www.lavras24horas.com.br\/portal\/wp-json\/wp\/v2\/posts\/306292\/revisions\/306293"}],"wp:featuredmedia":[{"embeddable":true,"href":"https:\/\/www.lavras24horas.com.br\/portal\/wp-json\/wp\/v2\/media\/306289"}],"wp:attachment":[{"href":"https:\/\/www.lavras24horas.com.br\/portal\/wp-json\/wp\/v2\/media?parent=306292"}],"wp:term":[{"taxonomy":"category","embeddable":true,"href":"https:\/\/www.lavras24horas.com.br\/portal\/wp-json\/wp\/v2\/categories?post=306292"},{"taxonomy":"post_tag","embeddable":true,"href":"https:\/\/www.lavras24horas.com.br\/portal\/wp-json\/wp\/v2\/tags?post=306292"}],"curies":[{"name":"wp","href":"https:\/\/api.w.org\/{rel}","templated":true}]}}