{"id":306282,"date":"2025-03-11T10:31:10","date_gmt":"2025-03-11T13:31:10","guid":{"rendered":"https:\/\/www.lavras24horas.com.br\/portal\/?p=306282"},"modified":"2025-03-11T10:31:10","modified_gmt":"2025-03-11T13:31:10","slug":"cinco-anos-da-pandemia-o-marco-da-covid-19-e-os-desafios-futuros","status":"publish","type":"post","link":"https:\/\/www.lavras24horas.com.br\/portal\/cinco-anos-da-pandemia-o-marco-da-covid-19-e-os-desafios-futuros\/","title":{"rendered":"Cinco Anos da Pandemia: O Marco da Covid-19 e os Desafios Futuros"},"content":{"rendered":"<p>Nesta ter\u00e7a-feira, 11 de mar\u00e7o de 2025, completa-se cinco anos desde que a Organiza\u00e7\u00e3o Mundial da Sa\u00fade (OMS) declarou a Covid-19 uma pandemia. O an\u00fancio feito pelo diretor-geral Tedros Adhanom Ghebreyesus, em 11 de mar\u00e7o de 2020, marcou o in\u00edcio de uma mobiliza\u00e7\u00e3o global sem precedentes, levando pa\u00edses a adotarem medidas de conten\u00e7\u00e3o, confinamentos e estrat\u00e9gias emergenciais para evitar o colapso dos sistemas de sa\u00fade.<\/p>\n<p>&nbsp;<\/p>\n<p>Antes de a pandemia ser oficialmente reconhecida, a OMS j\u00e1 havia emitido, em 30 de janeiro de 2020, o alerta de Emerg\u00eancia de Sa\u00fade P\u00fablica de Import\u00e2ncia Internacional (ESPII), o mais alto n\u00edvel de precau\u00e7\u00e3o da organiza\u00e7\u00e3o. No entanto, a gravidade da situa\u00e7\u00e3o n\u00e3o foi totalmente absorvida pelos pa\u00edses. Apenas com a formaliza\u00e7\u00e3o do termo &#8220;pandemia&#8221;, a comunidade internacional passou a agir com maior rigor.<\/p>\n<p>&nbsp;<\/p>\n<p>Na \u00e9poca do an\u00fancio, menos de 4.300 mortes haviam sido registradas em todo o mundo. Hoje, o n\u00famero de v\u00edtimas ultrapassa milh\u00f5es, sendo um dos eventos mais devastadores do s\u00e9culo. A pandemia n\u00e3o apenas impactou a sa\u00fade global, mas tamb\u00e9m provocou crises econ\u00f4micas, transforma\u00e7\u00f5es no mercado de trabalho e mudan\u00e7as significativas na sociedade.<\/p>\n<p>&nbsp;<\/p>\n<p>Desde ent\u00e3o, cientistas e governos enfrentaram desafios in\u00e9ditos para conter o v\u00edrus e mitigar seus efeitos. O desenvolvimento de vacinas em tempo recorde foi um dos marcos da pandemia, permitindo que a popula\u00e7\u00e3o mundial fosse imunizada e que a vida retomasse sua normalidade gradativamente. No entanto, especialistas alertam que a humanidade ainda n\u00e3o est\u00e1 livre de novas pandemias.<\/p>\n<p>&nbsp;<\/p>\n<p>Diante das falhas e dificuldades enfrentadas na conten\u00e7\u00e3o da Covid-19, a OMS e seus pa\u00edses-membros iniciaram em 2021 as negocia\u00e7\u00f5es para um acordo internacional sobre preven\u00e7\u00e3o e resposta a pandemias. O objetivo \u00e9 criar um protocolo unificado para que futuras crises sanit\u00e1rias sejam enfrentadas de maneira mais eficiente. Uma sess\u00e3o final est\u00e1 marcada para ocorrer entre os dias 7 e 11 de abril de 2025, buscando consolidar o acordo antes da reuni\u00e3o anual da OMS em maio. Al\u00e9m disso, a partir de setembro deste ano, a organiza\u00e7\u00e3o ter\u00e1 a possibilidade de acionar um novo mecanismo de alerta chamado &#8220;emerg\u00eancia pand\u00eamica&#8221;, permitindo uma resposta mais r\u00e1pida a poss\u00edveis amea\u00e7as sanit\u00e1rias globais.<\/p>\n<p>&nbsp;<\/p>\n<p>Cinco anos ap\u00f3s a declara\u00e7\u00e3o da pandemia, a Covid-19 j\u00e1 n\u00e3o domina o notici\u00e1rio, mas seus efeitos ainda s\u00e3o sentidos. O aprendizado com essa crise destaca a import\u00e2ncia da ci\u00eancia, da coopera\u00e7\u00e3o internacional e da comunica\u00e7\u00e3o clara entre governos e sociedade. A OMS continua monitorando novas variantes do v\u00edrus e refor\u00e7a a necessidade de manter investimentos em sa\u00fade p\u00fablica. Para especialistas, a pr\u00f3xima pandemia n\u00e3o \u00e9 uma quest\u00e3o de &#8220;se&#8221;, mas de &#8220;quando&#8221;. E, dessa vez, o mundo precisa estar mais preparado.<\/p>\n<p>&nbsp;<\/p>\n<p>&nbsp;<\/p>\n","protected":false},"excerpt":{"rendered":"<p>Nesta ter\u00e7a-feira, 11 de mar\u00e7o de 2025, completa-se cinco anos desde que a Organiza\u00e7\u00e3o Mundial da Sa\u00fade (OMS) declarou a Covid-19 uma pandemia. O an\u00fancio feito pelo diretor-geral Tedros Adhanom Ghebreyesus, em 11 de mar\u00e7o de 2020, marcou o in\u00edcio de uma mobiliza\u00e7\u00e3o global sem precedentes, levando pa\u00edses a adotarem medidas de conten\u00e7\u00e3o, confinamentos e [&hellip;]<\/p>\n","protected":false},"author":7,"featured_media":306283,"comment_status":"closed","ping_status":"closed","sticky":false,"template":"","format":"standard","meta":{"advanced_seo_description":"","jetpack_seo_html_title":"","jetpack_seo_noindex":false,"_jetpack_memberships_contains_paid_content":false,"footnotes":""},"categories":[1],"tags":[],"class_list":["post-306282","post","type-post","status-publish","format-standard","has-post-thumbnail","hentry","category-sem-categoria"],"jetpack_featured_media_url":"https:\/\/i0.wp.com\/www.lavras24horas.com.br\/portal\/wp-content\/uploads\/2025\/03\/images-19.jpeg?fit=678%2C452&ssl=1","jetpack_sharing_enabled":true,"jetpack_likes_enabled":true,"_links":{"self":[{"href":"https:\/\/www.lavras24horas.com.br\/portal\/wp-json\/wp\/v2\/posts\/306282","targetHints":{"allow":["GET"]}}],"collection":[{"href":"https:\/\/www.lavras24horas.com.br\/portal\/wp-json\/wp\/v2\/posts"}],"about":[{"href":"https:\/\/www.lavras24horas.com.br\/portal\/wp-json\/wp\/v2\/types\/post"}],"author":[{"embeddable":true,"href":"https:\/\/www.lavras24horas.com.br\/portal\/wp-json\/wp\/v2\/users\/7"}],"replies":[{"embeddable":true,"href":"https:\/\/www.lavras24horas.com.br\/portal\/wp-json\/wp\/v2\/comments?post=306282"}],"version-history":[{"count":1,"href":"https:\/\/www.lavras24horas.com.br\/portal\/wp-json\/wp\/v2\/posts\/306282\/revisions"}],"predecessor-version":[{"id":306284,"href":"https:\/\/www.lavras24horas.com.br\/portal\/wp-json\/wp\/v2\/posts\/306282\/revisions\/306284"}],"wp:featuredmedia":[{"embeddable":true,"href":"https:\/\/www.lavras24horas.com.br\/portal\/wp-json\/wp\/v2\/media\/306283"}],"wp:attachment":[{"href":"https:\/\/www.lavras24horas.com.br\/portal\/wp-json\/wp\/v2\/media?parent=306282"}],"wp:term":[{"taxonomy":"category","embeddable":true,"href":"https:\/\/www.lavras24horas.com.br\/portal\/wp-json\/wp\/v2\/categories?post=306282"},{"taxonomy":"post_tag","embeddable":true,"href":"https:\/\/www.lavras24horas.com.br\/portal\/wp-json\/wp\/v2\/tags?post=306282"}],"curies":[{"name":"wp","href":"https:\/\/api.w.org\/{rel}","templated":true}]}}