{"id":305380,"date":"2025-01-28T12:23:04","date_gmt":"2025-01-28T15:23:04","guid":{"rendered":"https:\/\/www.lavras24horas.com.br\/portal\/?p=305380"},"modified":"2025-01-28T12:23:04","modified_gmt":"2025-01-28T15:23:04","slug":"helicoptero-cai-na-zona-rural-entre-cruzilia-e-carrancas-e-deixa-tres-mortos","status":"publish","type":"post","link":"https:\/\/www.lavras24horas.com.br\/portal\/helicoptero-cai-na-zona-rural-entre-cruzilia-e-carrancas-e-deixa-tres-mortos\/","title":{"rendered":"Helic\u00f3ptero cai na zona rural entre Cruz\u00edlia e Carrancas e deixa tr\u00eas mortos"},"content":{"rendered":"<p class=\"p1\" style=\"text-align: justify;\"><span class=\"s1\">Na tarde desta segunda-feira (27), um helic\u00f3ptero utilizado para pulveriza\u00e7\u00e3o agr\u00edcola caiu em uma fazenda localizada na zona rural entre os munic\u00edpios de Cruz\u00edlia e Carrancas, no Sul de Minas, resultando na morte de tr\u00eas pessoas. As v\u00edtimas foram identificadas como o piloto Fernando, natural de Goi\u00e2nia, o gerente da fazenda L\u00facio Andr\u00e9 Duarte, de 40 anos, e sua esposa Elaine Duarte, de 38 anos, que trabalhava como auxiliar administrativa na propriedade.<\/span><\/p>\n<p class=\"p1\" style=\"text-align: justify;\"><span class=\"s1\">De acordo com a Pol\u00edcia Militar e o propriet\u00e1rio da Fazenda Cachoeira, Amauri Pinto Costa, o acidente ocorreu por volta das 16h. Funcion\u00e1rios relataram ter ouvido um barulho vindo da aeronave, que retornava de outra propriedade, pouco antes da queda. Apesar das tentativas de socorro, os tr\u00eas ocupantes morreram carbonizados no local.<\/span><\/p>\n<p class=\"p1\" style=\"text-align: justify;\"><span class=\"s1\">Segundo informa\u00e7\u00f5es preliminares, o piloto, que prestava servi\u00e7os de pulveriza\u00e7\u00e3o para a fazenda, teria convidado o gerente L\u00facio e sua esposa Elaine para um passeio de helic\u00f3ptero momentos antes do acidente.<\/span><\/p>\n<p class=\"p1\" style=\"text-align: justify;\"><span class=\"s1\">Equipes do Corpo de Bombeiros e da per\u00edcia da Pol\u00edcia Civil foram acionadas para atender \u00e0 ocorr\u00eancia e realizar as investiga\u00e7\u00f5es no local. As causas da queda ainda ser\u00e3o apuradas pelas autoridades competentes.<\/span><\/p>\n","protected":false},"excerpt":{"rendered":"<p>Na tarde desta segunda-feira (27), um helic\u00f3ptero utilizado para pulveriza\u00e7\u00e3o agr\u00edcola caiu em uma fazenda localizada na zona rural entre os munic\u00edpios de Cruz\u00edlia e Carrancas, no Sul de Minas, resultando na morte de tr\u00eas pessoas. As v\u00edtimas foram identificadas como o piloto Fernando, natural de Goi\u00e2nia, o gerente da fazenda L\u00facio Andr\u00e9 Duarte, de [&hellip;]<\/p>\n","protected":false},"author":7,"featured_media":305381,"comment_status":"closed","ping_status":"closed","sticky":false,"template":"","format":"standard","meta":{"advanced_seo_description":"","jetpack_seo_html_title":"","jetpack_seo_noindex":false,"_jetpack_memberships_contains_paid_content":false,"footnotes":""},"categories":[12],"tags":[],"class_list":["post-305380","post","type-post","status-publish","format-standard","has-post-thumbnail","hentry","category-destaques-1"],"jetpack_featured_media_url":"https:\/\/i0.wp.com\/www.lavras24horas.com.br\/portal\/wp-content\/uploads\/2025\/01\/IMG_5166.jpeg?fit=1284%2C728&ssl=1","jetpack_sharing_enabled":true,"jetpack_likes_enabled":true,"_links":{"self":[{"href":"https:\/\/www.lavras24horas.com.br\/portal\/wp-json\/wp\/v2\/posts\/305380","targetHints":{"allow":["GET"]}}],"collection":[{"href":"https:\/\/www.lavras24horas.com.br\/portal\/wp-json\/wp\/v2\/posts"}],"about":[{"href":"https:\/\/www.lavras24horas.com.br\/portal\/wp-json\/wp\/v2\/types\/post"}],"author":[{"embeddable":true,"href":"https:\/\/www.lavras24horas.com.br\/portal\/wp-json\/wp\/v2\/users\/7"}],"replies":[{"embeddable":true,"href":"https:\/\/www.lavras24horas.com.br\/portal\/wp-json\/wp\/v2\/comments?post=305380"}],"version-history":[{"count":1,"href":"https:\/\/www.lavras24horas.com.br\/portal\/wp-json\/wp\/v2\/posts\/305380\/revisions"}],"predecessor-version":[{"id":305382,"href":"https:\/\/www.lavras24horas.com.br\/portal\/wp-json\/wp\/v2\/posts\/305380\/revisions\/305382"}],"wp:featuredmedia":[{"embeddable":true,"href":"https:\/\/www.lavras24horas.com.br\/portal\/wp-json\/wp\/v2\/media\/305381"}],"wp:attachment":[{"href":"https:\/\/www.lavras24horas.com.br\/portal\/wp-json\/wp\/v2\/media?parent=305380"}],"wp:term":[{"taxonomy":"category","embeddable":true,"href":"https:\/\/www.lavras24horas.com.br\/portal\/wp-json\/wp\/v2\/categories?post=305380"},{"taxonomy":"post_tag","embeddable":true,"href":"https:\/\/www.lavras24horas.com.br\/portal\/wp-json\/wp\/v2\/tags?post=305380"}],"curies":[{"name":"wp","href":"https:\/\/api.w.org\/{rel}","templated":true}]}}